{"id":56665,"date":"2025-11-04T09:44:58","date_gmt":"2025-11-04T12:44:58","guid":{"rendered":"https:\/\/hablemosclarotdf.com.ar\/?p=56665"},"modified":"2025-11-04T09:44:58","modified_gmt":"2025-11-04T12:44:58","slug":"rga-alimentos-llega-a-la-antartida","status":"publish","type":"post","link":"https:\/\/hablemosclarotdf.com.ar\/?p=56665","title":{"rendered":"RGA ALIMENTOS LLEGA A LA ANT\u00c1RTIDA"},"content":{"rendered":"<p>A trav\u00e9s de una articulaci\u00f3n p\u00fablico &#8211; privada entre el Municipio de R\u00edo Grande, R\u00edo Grande Activa y Carnicer\u00edas Trelew, se concret\u00f3 el primer env\u00edo de pollos de RGA Alimentos a la Ant\u00e1rtida. Su llegada al continente blanco marca un hito en la producci\u00f3n fueguina.<\/p>\n<p>Los productos de RGA Alimentos fueron comercializados a un crucero de turismo ant\u00e1rtico, en el marco de un acuerdo con Carnicer\u00edas Trelew, permitiendo que alimentos elaborados en R\u00edo Grande lleguen por primera vez al continente blanco, marcando un hito en la producci\u00f3n fueguina.<\/p>\n<p>En este primer env\u00edo se comercializaron 100 kilos de pollos, y est\u00e1 previsto continuar con el abastecimiento a cruceros ant\u00e1rtico en los pr\u00f3ximos meses, con el objetivo de que los productos lleguen a la totalidad del territorio de la provincia de Tierra del Fuego, Ant\u00e1rtida e Islas del Atl\u00e1ntico Sur.<\/p>\n<p>Esta iniciativa marca un paso m\u00e1s en el crecimiento de la producci\u00f3n fueguina, que sigue creciendo y ampliando su proyecci\u00f3n territorial. Asimismo, destaca la importancia del trabajo conjunto entre el sector p\u00fablico y privado, que permite fortalecer la producci\u00f3n y comercializaci\u00f3n de alimentos con sello local.<\/p>\n<p>Adem\u00e1s, se reafirma el compromiso nuestra soberan\u00eda, fortaleciendo a su vez la industria fueguina mediante el trabajo y valor agregado local.<\/p>\n<p>El Presidente de R\u00edo Grande Activa, Dr. Juan Pablo Deluca, expres\u00f3 que \u201cnos llena de orgullo que por primera vez en la historia, los productos RGA lleguen al punto m\u00e1s austral de nuestra provincia de Tierra del Fuego, Ant\u00e1rtida e Islas del Atl\u00e1ntico Sur&#8221; y subray\u00f3 que \u201cllegar con nuestro producto netamente fueguino a nuestra Ant\u00e1rtida es ejercer soberan\u00eda\u201d.<\/p>\n","protected":false},"excerpt":{"rendered":"<p>A trav\u00e9s de una articulaci\u00f3n p\u00fablico &#8211; privada entre el Municipio de R\u00edo Grande, R\u00edo&#8230;<\/p>\n","protected":false},"author":1,"featured_media":56666,"comment_status":"closed","ping_status":"closed","sticky":false,"template":"","format":"standard","meta":{"footnotes":""},"categories":[3],"tags":[],"class_list":["post-56665","post","type-post","status-publish","format-standard","has-post-thumbnail","hentry","category-noticias"],"jetpack_featured_media_url":"https:\/\/hablemosclarotdf.com.ar\/wp-content\/uploads\/2025\/11\/photo_2025-11-04_09-43-58.jpg","_links":{"self":[{"href":"https:\/\/hablemosclarotdf.com.ar\/index.php?rest_route=\/wp\/v2\/posts\/56665","targetHints":{"allow":["GET"]}}],"collection":[{"href":"https:\/\/hablemosclarotdf.com.ar\/index.php?rest_route=\/wp\/v2\/posts"}],"about":[{"href":"https:\/\/hablemosclarotdf.com.ar\/index.php?rest_route=\/wp\/v2\/types\/post"}],"author":[{"embeddable":true,"href":"https:\/\/hablemosclarotdf.com.ar\/index.php?rest_route=\/wp\/v2\/users\/1"}],"replies":[{"embeddable":true,"href":"https:\/\/hablemosclarotdf.com.ar\/index.php?rest_route=%2Fwp%2Fv2%2Fcomments&post=56665"}],"version-history":[{"count":1,"href":"https:\/\/hablemosclarotdf.com.ar\/index.php?rest_route=\/wp\/v2\/posts\/56665\/revisions"}],"predecessor-version":[{"id":56667,"href":"https:\/\/hablemosclarotdf.com.ar\/index.php?rest_route=\/wp\/v2\/posts\/56665\/revisions\/56667"}],"wp:featuredmedia":[{"embeddable":true,"href":"https:\/\/hablemosclarotdf.com.ar\/index.php?rest_route=\/wp\/v2\/media\/56666"}],"wp:attachment":[{"href":"https:\/\/hablemosclarotdf.com.ar\/index.php?rest_route=%2Fwp%2Fv2%2Fmedia&parent=56665"}],"wp:term":[{"taxonomy":"category","embeddable":true,"href":"https:\/\/hablemosclarotdf.com.ar\/index.php?rest_route=%2Fwp%2Fv2%2Fcategories&post=56665"},{"taxonomy":"post_tag","embeddable":true,"href":"https:\/\/hablemosclarotdf.com.ar\/index.php?rest_route=%2Fwp%2Fv2%2Ftags&post=56665"}],"curies":[{"name":"wp","href":"https:\/\/api.w.org\/{rel}","templated":true}]}}