{"id":56657,"date":"2025-11-04T09:37:19","date_gmt":"2025-11-04T12:37:19","guid":{"rendered":"https:\/\/hablemosclarotdf.com.ar\/?p=56657"},"modified":"2025-11-04T09:37:19","modified_gmt":"2025-11-04T12:37:19","slug":"se-desarrollo-con-exito-un-campus-de-atletismo-de-alto-nivel-en-ushuaia","status":"publish","type":"post","link":"https:\/\/hablemosclarotdf.com.ar\/?p=56657","title":{"rendered":"SE DESARROLL\u00d3 CON \u00c9XITO UN CAMPUS DE ATLETISMO DE ALTO NIVEL EN USHUAIA"},"content":{"rendered":"<p>Con la organizaci\u00f3n conjunta la Secretar\u00eda de Deportes de la provincia y el Instituto Municipal de Deportes (IMD), se llev\u00f3 a cabo un intensivo Campus de Atletismo en la pista municipal de Ushuaia.<\/p>\n<p>La actividad, que se extendi\u00f3 desde el jueves hasta el s\u00e1bado, cont\u00f3 con la direcci\u00f3n de dos prestigiosas figuras nacionales: los entrenadores Javier Ben\u00edtez y Hugo G\u00f3mez. Ambos no solo poseen una vasta experiencia formando campeones nacionales y sudamericanos, sino que tambi\u00e9n forman parte del staff de la Selecci\u00f3n Argentina y han trabajado con atletas que compitieron en Mundiales y Juegos Ol\u00edmpicos.<\/p>\n<p>El campus estuvo dirigido a los atletas provinciales que integran el seleccionado y participan en competencias nacionales. Durante tres d\u00edas, se realizaron intensas jornadas de pr\u00e1ctica focalizadas en planificaciones espec\u00edficas para las disciplinas de salto triple, salto con garrocha y pruebas de velocidad.<\/p>\n<p>El trabajo en la pista fue especializado. Por un lado, Javier Ben\u00edtez se centr\u00f3 en la instrucci\u00f3n individual de las t\u00e9cnicas para el salto triple y el salto con garrocha. Por su parte, Hugo G\u00f3mez, especialista en velocidad, orquest\u00f3 una estructura de ejercicios dedicada a las t\u00e9cnicas de carrera y la partida baja, con una labor particular junto a los velocistas que compiten en la prueba de vallas.<\/p>\n<p>Este campus representa un paso crucial en la preparaci\u00f3n de los atletas fueguinos, quienes se enfocan en su puesta a punto final de cara a los pr\u00f3ximos Juegos Binacionales de la Araucan\u00eda. La competencia, donde buscar\u00e1n destacarse, se disputar\u00e1 del 6 al 12 de diciembre en la provincia de La Pampa.<\/p>\n<p>&nbsp;<\/p>\n<p><img loading=\"lazy\" decoding=\"async\" class=\"alignnone size-medium wp-image-56659\" src=\"https:\/\/hablemosclarotdf.com.ar\/wp-content\/uploads\/2025\/11\/photo_2025-11-04_09-34-54-300x200.jpg\" alt=\"\" width=\"300\" height=\"200\" srcset=\"https:\/\/hablemosclarotdf.com.ar\/wp-content\/uploads\/2025\/11\/photo_2025-11-04_09-34-54-300x200.jpg 300w, https:\/\/hablemosclarotdf.com.ar\/wp-content\/uploads\/2025\/11\/photo_2025-11-04_09-34-54-1024x682.jpg 1024w, https:\/\/hablemosclarotdf.com.ar\/wp-content\/uploads\/2025\/11\/photo_2025-11-04_09-34-54-768x512.jpg 768w, https:\/\/hablemosclarotdf.com.ar\/wp-content\/uploads\/2025\/11\/photo_2025-11-04_09-34-54.jpg 1280w\" sizes=\"auto, (max-width: 300px) 100vw, 300px\" \/> <img loading=\"lazy\" decoding=\"async\" class=\"alignnone size-medium wp-image-56660\" src=\"https:\/\/hablemosclarotdf.com.ar\/wp-content\/uploads\/2025\/11\/photo_2025-11-04_09-34-58-300x200.jpg\" alt=\"\" width=\"300\" height=\"200\" srcset=\"https:\/\/hablemosclarotdf.com.ar\/wp-content\/uploads\/2025\/11\/photo_2025-11-04_09-34-58-300x200.jpg 300w, https:\/\/hablemosclarotdf.com.ar\/wp-content\/uploads\/2025\/11\/photo_2025-11-04_09-34-58-1024x682.jpg 1024w, https:\/\/hablemosclarotdf.com.ar\/wp-content\/uploads\/2025\/11\/photo_2025-11-04_09-34-58-768x512.jpg 768w, https:\/\/hablemosclarotdf.com.ar\/wp-content\/uploads\/2025\/11\/photo_2025-11-04_09-34-58.jpg 1280w\" sizes=\"auto, (max-width: 300px) 100vw, 300px\" \/> <img loading=\"lazy\" decoding=\"async\" class=\"alignnone size-medium wp-image-56661\" src=\"https:\/\/hablemosclarotdf.com.ar\/wp-content\/uploads\/2025\/11\/photo_2025-11-04_09-35-03-300x200.jpg\" alt=\"\" width=\"300\" height=\"200\" srcset=\"https:\/\/hablemosclarotdf.com.ar\/wp-content\/uploads\/2025\/11\/photo_2025-11-04_09-35-03-300x200.jpg 300w, https:\/\/hablemosclarotdf.com.ar\/wp-content\/uploads\/2025\/11\/photo_2025-11-04_09-35-03-1024x682.jpg 1024w, https:\/\/hablemosclarotdf.com.ar\/wp-content\/uploads\/2025\/11\/photo_2025-11-04_09-35-03-768x512.jpg 768w, https:\/\/hablemosclarotdf.com.ar\/wp-content\/uploads\/2025\/11\/photo_2025-11-04_09-35-03.jpg 1274w\" sizes=\"auto, (max-width: 300px) 100vw, 300px\" \/> <img loading=\"lazy\" decoding=\"async\" class=\"alignnone size-medium wp-image-56662\" src=\"https:\/\/hablemosclarotdf.com.ar\/wp-content\/uploads\/2025\/11\/photo_2025-11-04_09-35-08-300x200.jpg\" alt=\"\" width=\"300\" height=\"200\" srcset=\"https:\/\/hablemosclarotdf.com.ar\/wp-content\/uploads\/2025\/11\/photo_2025-11-04_09-35-08-300x200.jpg 300w, https:\/\/hablemosclarotdf.com.ar\/wp-content\/uploads\/2025\/11\/photo_2025-11-04_09-35-08-1024x682.jpg 1024w, https:\/\/hablemosclarotdf.com.ar\/wp-content\/uploads\/2025\/11\/photo_2025-11-04_09-35-08-768x512.jpg 768w, https:\/\/hablemosclarotdf.com.ar\/wp-content\/uploads\/2025\/11\/photo_2025-11-04_09-35-08.jpg 1280w\" sizes=\"auto, (max-width: 300px) 100vw, 300px\" \/> <img loading=\"lazy\" decoding=\"async\" class=\"alignnone size-medium wp-image-56663\" src=\"https:\/\/hablemosclarotdf.com.ar\/wp-content\/uploads\/2025\/11\/photo_2025-11-04_09-35-15-300x200.jpg\" alt=\"\" width=\"300\" height=\"200\" srcset=\"https:\/\/hablemosclarotdf.com.ar\/wp-content\/uploads\/2025\/11\/photo_2025-11-04_09-35-15-300x200.jpg 300w, https:\/\/hablemosclarotdf.com.ar\/wp-content\/uploads\/2025\/11\/photo_2025-11-04_09-35-15-1024x682.jpg 1024w, https:\/\/hablemosclarotdf.com.ar\/wp-content\/uploads\/2025\/11\/photo_2025-11-04_09-35-15-768x512.jpg 768w, https:\/\/hablemosclarotdf.com.ar\/wp-content\/uploads\/2025\/11\/photo_2025-11-04_09-35-15.jpg 1280w\" sizes=\"auto, (max-width: 300px) 100vw, 300px\" \/><\/p>\n","protected":false},"excerpt":{"rendered":"<p>Con la organizaci\u00f3n conjunta la Secretar\u00eda de Deportes de la provincia y el Instituto Municipal&#8230;<\/p>\n","protected":false},"author":1,"featured_media":56658,"comment_status":"closed","ping_status":"closed","sticky":false,"template":"","format":"standard","meta":{"footnotes":""},"categories":[3],"tags":[],"class_list":["post-56657","post","type-post","status-publish","format-standard","has-post-thumbnail","hentry","category-noticias"],"jetpack_featured_media_url":"https:\/\/hablemosclarotdf.com.ar\/wp-content\/uploads\/2025\/11\/photo_2025-11-04_09-34-49.jpg","_links":{"self":[{"href":"https:\/\/hablemosclarotdf.com.ar\/index.php?rest_route=\/wp\/v2\/posts\/56657","targetHints":{"allow":["GET"]}}],"collection":[{"href":"https:\/\/hablemosclarotdf.com.ar\/index.php?rest_route=\/wp\/v2\/posts"}],"about":[{"href":"https:\/\/hablemosclarotdf.com.ar\/index.php?rest_route=\/wp\/v2\/types\/post"}],"author":[{"embeddable":true,"href":"https:\/\/hablemosclarotdf.com.ar\/index.php?rest_route=\/wp\/v2\/users\/1"}],"replies":[{"embeddable":true,"href":"https:\/\/hablemosclarotdf.com.ar\/index.php?rest_route=%2Fwp%2Fv2%2Fcomments&post=56657"}],"version-history":[{"count":1,"href":"https:\/\/hablemosclarotdf.com.ar\/index.php?rest_route=\/wp\/v2\/posts\/56657\/revisions"}],"predecessor-version":[{"id":56664,"href":"https:\/\/hablemosclarotdf.com.ar\/index.php?rest_route=\/wp\/v2\/posts\/56657\/revisions\/56664"}],"wp:featuredmedia":[{"embeddable":true,"href":"https:\/\/hablemosclarotdf.com.ar\/index.php?rest_route=\/wp\/v2\/media\/56658"}],"wp:attachment":[{"href":"https:\/\/hablemosclarotdf.com.ar\/index.php?rest_route=%2Fwp%2Fv2%2Fmedia&parent=56657"}],"wp:term":[{"taxonomy":"category","embeddable":true,"href":"https:\/\/hablemosclarotdf.com.ar\/index.php?rest_route=%2Fwp%2Fv2%2Fcategories&post=56657"},{"taxonomy":"post_tag","embeddable":true,"href":"https:\/\/hablemosclarotdf.com.ar\/index.php?rest_route=%2Fwp%2Fv2%2Ftags&post=56657"}],"curies":[{"name":"wp","href":"https:\/\/api.w.org\/{rel}","templated":true}]}}