{"id":56609,"date":"2025-11-03T17:34:10","date_gmt":"2025-11-03T20:34:10","guid":{"rendered":"https:\/\/hablemosclarotdf.com.ar\/?p=56609"},"modified":"2025-11-03T17:34:10","modified_gmt":"2025-11-03T20:34:10","slug":"el-hospital-modular-de-tolhuin-fue-escenario-de-un-parto-de-urgencia","status":"publish","type":"post","link":"https:\/\/hablemosclarotdf.com.ar\/?p=56609","title":{"rendered":"EL HOSPITAL MODULAR DE TOLHUIN FUE ESCENARIO DE UN PARTO DE URGENCIA"},"content":{"rendered":"<p>El Hospital Modular de Tolhuin registr\u00f3 este domingo el nacimiento de un beb\u00e9 que fue asistido por el equipo m\u00e9dico de guardia en una situaci\u00f3n de urgencia obst\u00e9trica. Tanto la madre como el reci\u00e9n nacido se encuentran en buen estado de salud y bajo seguimiento m\u00e9dico.<\/p>\n<p>La paciente, que cursaba un embarazo de 36 semanas, ingres\u00f3 a la guardia con trabajo de parto activo. Debido a las condiciones obst\u00e9tricas y a la inminencia del nacimiento, el equipo m\u00e9dico determin\u00f3 que no era posible realizar un traslado seguro a un centro de mayor complejidad, por lo que se decidi\u00f3 llevar adelante el parto en el hospital modular.<\/p>\n<p>El nacimiento se desarroll\u00f3 sin complicaciones. El beb\u00e9, Ignacio Rub\u00e9n Mart\u00ednez, pes\u00f3 3,330 kilogramos y fue atendido por un equipo conformado por la doctora Irene Ferrante, especialista en ginecolog\u00eda y obstetricia; el doctor Gerardo Aramayo, neonat\u00f3logo y pediatra; y el personal de enfermer\u00eda de guardia.<\/p>\n<p>Tras el parto, ambos pacientes contin\u00faan internados en observaci\u00f3n y evolucionan favorablemente.<\/p>\n<p>La doctora Ferrante destac\u00f3 la importancia de que todas las embarazadas de Tolhuin \u2014independientemente de si se atienden en el sistema p\u00fablico o privado\u2014 se vinculen al sistema provincial de salud a trav\u00e9s del Consultorio de Salud Fetal del Centro Asistencial Tolhuin (CAT).<\/p>\n<p>\u201cEs fundamental que todas las embarazadas concurran al menos una vez al Consultorio de Salud Fetal, preferentemente antes de las 25 semanas de edad gestacional, para ser registradas, evaluadas e informadas. En esa instancia se les brinda orientaci\u00f3n sobre los recursos disponibles en la ciudad y sobre los procedimientos que requieren derivaci\u00f3n a centros de mayor complejidad\u201d, explic\u00f3 la profesional.<\/p>\n<p>\u201cEl objetivo es garantizar que todas las gestantes est\u00e9n informadas y acompa\u00f1adas durante el embarazo, para actuar a tiempo ante cualquier complicaci\u00f3n y asegurar la mejor atenci\u00f3n tanto para la madre como para el beb\u00e9\u201d, agreg\u00f3 Ferrante.<\/p>\n<p>El Consultorio de Salud Fetal funciona los d\u00edas lunes, con turnos programados en el CAT, y pueden asistir tanto pacientes del \u00e1mbito p\u00fablico como privado, con o sin derivaci\u00f3n de su m\u00e9dico de cabecera.<\/p>\n<p>Durante la consulta, se entrega un consentimiento informado legal, donde se detallan los recursos con los que cuenta la ciudad y aquellos con los que no, el cual deber\u00e1 ser firmado por la paciente como constancia de haber recibido esta informaci\u00f3n.<\/p>\n<p>Adem\u00e1s, se informan las fechas indicadas para el traslado programado, que deben cumplirse en tiempo y forma para asegurar un resultado materno y fetal favorable, teniendo en cuenta las condiciones clim\u00e1ticas, de distancia y de traslado desde Tolhuin.<\/p>\n","protected":false},"excerpt":{"rendered":"<p>El Hospital Modular de Tolhuin registr\u00f3 este domingo el nacimiento de un beb\u00e9 que fue&#8230;<\/p>\n","protected":false},"author":1,"featured_media":56610,"comment_status":"closed","ping_status":"closed","sticky":false,"template":"","format":"standard","meta":{"footnotes":""},"categories":[3],"tags":[],"class_list":["post-56609","post","type-post","status-publish","format-standard","has-post-thumbnail","hentry","category-noticias"],"jetpack_featured_media_url":"https:\/\/hablemosclarotdf.com.ar\/wp-content\/uploads\/2025\/11\/photo_2025-11-03_17-33-35.jpg","_links":{"self":[{"href":"https:\/\/hablemosclarotdf.com.ar\/index.php?rest_route=\/wp\/v2\/posts\/56609","targetHints":{"allow":["GET"]}}],"collection":[{"href":"https:\/\/hablemosclarotdf.com.ar\/index.php?rest_route=\/wp\/v2\/posts"}],"about":[{"href":"https:\/\/hablemosclarotdf.com.ar\/index.php?rest_route=\/wp\/v2\/types\/post"}],"author":[{"embeddable":true,"href":"https:\/\/hablemosclarotdf.com.ar\/index.php?rest_route=\/wp\/v2\/users\/1"}],"replies":[{"embeddable":true,"href":"https:\/\/hablemosclarotdf.com.ar\/index.php?rest_route=%2Fwp%2Fv2%2Fcomments&post=56609"}],"version-history":[{"count":1,"href":"https:\/\/hablemosclarotdf.com.ar\/index.php?rest_route=\/wp\/v2\/posts\/56609\/revisions"}],"predecessor-version":[{"id":56611,"href":"https:\/\/hablemosclarotdf.com.ar\/index.php?rest_route=\/wp\/v2\/posts\/56609\/revisions\/56611"}],"wp:featuredmedia":[{"embeddable":true,"href":"https:\/\/hablemosclarotdf.com.ar\/index.php?rest_route=\/wp\/v2\/media\/56610"}],"wp:attachment":[{"href":"https:\/\/hablemosclarotdf.com.ar\/index.php?rest_route=%2Fwp%2Fv2%2Fmedia&parent=56609"}],"wp:term":[{"taxonomy":"category","embeddable":true,"href":"https:\/\/hablemosclarotdf.com.ar\/index.php?rest_route=%2Fwp%2Fv2%2Fcategories&post=56609"},{"taxonomy":"post_tag","embeddable":true,"href":"https:\/\/hablemosclarotdf.com.ar\/index.php?rest_route=%2Fwp%2Fv2%2Ftags&post=56609"}],"curies":[{"name":"wp","href":"https:\/\/api.w.org\/{rel}","templated":true}]}}