{"id":56577,"date":"2025-11-03T16:39:31","date_gmt":"2025-11-03T19:39:31","guid":{"rendered":"https:\/\/hablemosclarotdf.com.ar\/?p=56577"},"modified":"2025-11-03T16:39:31","modified_gmt":"2025-11-03T19:39:31","slug":"planificar-el-crecimiento-urbano-con-equidad-es-el-desafio-de-todas-las-gestiones","status":"publish","type":"post","link":"https:\/\/hablemosclarotdf.com.ar\/?p=56577","title":{"rendered":"\u201cPLANIFICAR EL CRECIMIENTO URBANO CON EQUIDAD ES EL DESAF\u00cdO DE TODAS LAS GESTIONES\u201d"},"content":{"rendered":"<p>As\u00ed lo expres\u00f3 la ministra de Obras y Servicios P\u00fablicos, Gabriela Castillo, durante su participaci\u00f3n en el panel \u201cGobernanza urbana y asentamientos populares: praxis desde el territorio\u201d, realizado en la Universidad Nacional de Tierra del Fuego en el marco del IV Encuentro Nacional de la Red de Asentamientos Populares.<\/p>\n<p>Invitada a compartir la experiencia provincial en pol\u00edticas de h\u00e1bitat y planificaci\u00f3n urbana, la Ministra destac\u00f3 la importancia de sostener una mirada integral del territorio y la continuidad de las pol\u00edticas p\u00fablicas m\u00e1s all\u00e1 de los ciclos de gobierno. \u201cHace m\u00e1s de una d\u00e9cada iniciamos un trabajo de planificaci\u00f3n en la zona sur de R\u00edo Grande, donde una parte importante de la ciudad carec\u00eda de servicios b\u00e1sicos. El primer paso fue recuperar agua, cloacas, pluviales y drenaje, pero tambi\u00e9n pensar c\u00f3mo acercar salud, transporte y espacios deportivos a los barrios\u201d, se\u00f1al\u00f3.<\/p>\n<p>En ese sentido, Castillo explic\u00f3 que ese proceso permiti\u00f3 ordenar sectores de la ciudad que hab\u00edan quedado fuera de la agenda de urbanizaci\u00f3n y sentar las bases de una planificaci\u00f3n que luego continu\u00f3 desde la gesti\u00f3n provincial. \u201cEl d\u00e9ficit habitacional sigue siendo profundo, pero el Estado tiene que estar presente para compensar desigualdades y garantizar el acceso a los servicios esenciales\u201d, afirm\u00f3.<\/p>\n<p>Durante su intervenci\u00f3n, la funcionaria remarc\u00f3 el valor de una planificaci\u00f3n sostenida en las tres ciudades fueguinas y el impacto social de las obras que priorizan la equidad territorial \u201cLa obra p\u00fablica no es solo infraestructura, es una herramienta de justicia urbana. Significa pensar c\u00f3mo cada proyecto puede mejorar la vida cotidiana de los vecinos y vecinas, especialmente en los sectores donde la presencia del Estado hace la diferencia\u201d, concluy\u00f3.<\/p>\n<p>El panel reuni\u00f3 a referentes provinciales y municipales del h\u00e1bitat y la planificaci\u00f3n urbana, entre ellos Laura Montes y Bel\u00e9n Cilla, presidenta y vicepresidenta del Instituto Provincial de Vivienda y H\u00e1bitat; Lorena Henriques Sanches, del Municipio de Ushuaia; Florencia Ortiz, del Municipio de R\u00edo Grande; y Hugo G\u00f3mez, del Municipio de Tolhuin.<\/p>\n<p><img loading=\"lazy\" decoding=\"async\" class=\"alignnone size-medium wp-image-56579\" src=\"https:\/\/hablemosclarotdf.com.ar\/wp-content\/uploads\/2025\/11\/photo_2025-11-03_16-38-13-300x200.jpg\" alt=\"\" width=\"300\" height=\"200\" srcset=\"https:\/\/hablemosclarotdf.com.ar\/wp-content\/uploads\/2025\/11\/photo_2025-11-03_16-38-13-300x200.jpg 300w, https:\/\/hablemosclarotdf.com.ar\/wp-content\/uploads\/2025\/11\/photo_2025-11-03_16-38-13-1024x684.jpg 1024w, https:\/\/hablemosclarotdf.com.ar\/wp-content\/uploads\/2025\/11\/photo_2025-11-03_16-38-13-768x513.jpg 768w, https:\/\/hablemosclarotdf.com.ar\/wp-content\/uploads\/2025\/11\/photo_2025-11-03_16-38-13.jpg 1280w\" sizes=\"auto, (max-width: 300px) 100vw, 300px\" \/> <img loading=\"lazy\" decoding=\"async\" class=\"alignnone size-medium wp-image-56580\" src=\"https:\/\/hablemosclarotdf.com.ar\/wp-content\/uploads\/2025\/11\/photo_2025-11-03_16-38-18-300x200.jpg\" alt=\"\" width=\"300\" height=\"200\" srcset=\"https:\/\/hablemosclarotdf.com.ar\/wp-content\/uploads\/2025\/11\/photo_2025-11-03_16-38-18-300x200.jpg 300w, https:\/\/hablemosclarotdf.com.ar\/wp-content\/uploads\/2025\/11\/photo_2025-11-03_16-38-18-1024x684.jpg 1024w, https:\/\/hablemosclarotdf.com.ar\/wp-content\/uploads\/2025\/11\/photo_2025-11-03_16-38-18-768x513.jpg 768w, https:\/\/hablemosclarotdf.com.ar\/wp-content\/uploads\/2025\/11\/photo_2025-11-03_16-38-18.jpg 1280w\" sizes=\"auto, (max-width: 300px) 100vw, 300px\" \/> <img loading=\"lazy\" decoding=\"async\" class=\"alignnone size-medium wp-image-56581\" src=\"https:\/\/hablemosclarotdf.com.ar\/wp-content\/uploads\/2025\/11\/photo_2025-11-03_16-38-27-300x200.jpg\" alt=\"\" width=\"300\" height=\"200\" srcset=\"https:\/\/hablemosclarotdf.com.ar\/wp-content\/uploads\/2025\/11\/photo_2025-11-03_16-38-27-300x200.jpg 300w, https:\/\/hablemosclarotdf.com.ar\/wp-content\/uploads\/2025\/11\/photo_2025-11-03_16-38-27-1024x684.jpg 1024w, https:\/\/hablemosclarotdf.com.ar\/wp-content\/uploads\/2025\/11\/photo_2025-11-03_16-38-27-768x513.jpg 768w, https:\/\/hablemosclarotdf.com.ar\/wp-content\/uploads\/2025\/11\/photo_2025-11-03_16-38-27.jpg 1280w\" sizes=\"auto, (max-width: 300px) 100vw, 300px\" \/><\/p>\n","protected":false},"excerpt":{"rendered":"<p>As\u00ed lo expres\u00f3 la ministra de Obras y Servicios P\u00fablicos, Gabriela Castillo, durante su participaci\u00f3n&#8230;<\/p>\n","protected":false},"author":1,"featured_media":56578,"comment_status":"closed","ping_status":"closed","sticky":false,"template":"","format":"standard","meta":{"footnotes":""},"categories":[3],"tags":[],"class_list":["post-56577","post","type-post","status-publish","format-standard","has-post-thumbnail","hentry","category-noticias"],"jetpack_featured_media_url":"https:\/\/hablemosclarotdf.com.ar\/wp-content\/uploads\/2025\/11\/photo_2025-11-03_16-38-05.jpg","_links":{"self":[{"href":"https:\/\/hablemosclarotdf.com.ar\/index.php?rest_route=\/wp\/v2\/posts\/56577","targetHints":{"allow":["GET"]}}],"collection":[{"href":"https:\/\/hablemosclarotdf.com.ar\/index.php?rest_route=\/wp\/v2\/posts"}],"about":[{"href":"https:\/\/hablemosclarotdf.com.ar\/index.php?rest_route=\/wp\/v2\/types\/post"}],"author":[{"embeddable":true,"href":"https:\/\/hablemosclarotdf.com.ar\/index.php?rest_route=\/wp\/v2\/users\/1"}],"replies":[{"embeddable":true,"href":"https:\/\/hablemosclarotdf.com.ar\/index.php?rest_route=%2Fwp%2Fv2%2Fcomments&post=56577"}],"version-history":[{"count":1,"href":"https:\/\/hablemosclarotdf.com.ar\/index.php?rest_route=\/wp\/v2\/posts\/56577\/revisions"}],"predecessor-version":[{"id":56582,"href":"https:\/\/hablemosclarotdf.com.ar\/index.php?rest_route=\/wp\/v2\/posts\/56577\/revisions\/56582"}],"wp:featuredmedia":[{"embeddable":true,"href":"https:\/\/hablemosclarotdf.com.ar\/index.php?rest_route=\/wp\/v2\/media\/56578"}],"wp:attachment":[{"href":"https:\/\/hablemosclarotdf.com.ar\/index.php?rest_route=%2Fwp%2Fv2%2Fmedia&parent=56577"}],"wp:term":[{"taxonomy":"category","embeddable":true,"href":"https:\/\/hablemosclarotdf.com.ar\/index.php?rest_route=%2Fwp%2Fv2%2Fcategories&post=56577"},{"taxonomy":"post_tag","embeddable":true,"href":"https:\/\/hablemosclarotdf.com.ar\/index.php?rest_route=%2Fwp%2Fv2%2Ftags&post=56577"}],"curies":[{"name":"wp","href":"https:\/\/api.w.org\/{rel}","templated":true}]}}