{"id":56537,"date":"2025-11-03T11:33:40","date_gmt":"2025-11-03T14:33:40","guid":{"rendered":"https:\/\/hablemosclarotdf.com.ar\/?p=56537"},"modified":"2025-11-03T11:34:14","modified_gmt":"2025-11-03T14:34:14","slug":"el-polo-creativo-centro-entrego-una-nueva-casa-de-juegos-al-jardin-n-23-tol-klevere-de-tolhuin","status":"publish","type":"post","link":"https:\/\/hablemosclarotdf.com.ar\/?p=56537","title":{"rendered":"EL POLO CREATIVO CENTRO ENTREG\u00d3 UNA NUEVA CASA DE JUEGOS AL JARD\u00cdN N\u00b0 23 \u201cTOL KL\u00c9VERE\u201d DE TOLHUIN"},"content":{"rendered":"<p>La Agencia de Innovaci\u00f3n de la Provincia, a trav\u00e9s del Polo Creativo Centro de Tolhuin, llev\u00f3 adelante una nueva acci\u00f3n solidaria con impacto educativo con la entrega de una casa de juegos al Jard\u00edn de Infantes N\u00b0 23 \u201cTol Kl\u00e9vere\u201d.<\/p>\n<p>Se trata de la segunda casa fabricada por estudiantes del trayecto formativo \u201cMasterplan y Dise\u00f1o\u201d, una propuesta que invita a aprender haciendo, uniendo la t\u00e9cnica con la creatividad y el compromiso social.<\/p>\n<p>Bajo la gu\u00eda de la docente Lioren Burgos, los estudiantes Alejandra Gim\u00e9nez, Jos\u00e9 Rodr\u00edguez y Enzo Campos transformaron sus ideas en una construcci\u00f3n real, aplicando conocimientos de dise\u00f1o asistido por computadora para crear un espacio l\u00fadico que disfrutar\u00e1n ni\u00f1as y ni\u00f1os de la instituci\u00f3n.<\/p>\n<p>\u201cLo que en principio es un ejercicio de dise\u00f1o, se convierte en algo tangible que mejora el entorno y deja una huella positiva en la comunidad\u201d, destac\u00f3 Burgos sobre la experiencia.<\/p>\n<p>La iniciativa cont\u00f3 con el acompa\u00f1amiento de Pinturer\u00eda Quimtex Express R\u00edo Grande, Ferreter\u00eda La Virola, Lenga Patagonia y del equipo del trayecto de Impresi\u00f3n 3D, que colabor\u00f3 con la fabricaci\u00f3n de las placas que acompa\u00f1an el producto final.<\/p>\n<p>De esta manera, el Polo Creativo contin\u00faa impulsando proyectos educativos que combinan innovaci\u00f3n, aprendizaje colaborativo y compromiso con la comunidad fueguina.<\/p>\n<p><img loading=\"lazy\" decoding=\"async\" class=\"alignnone size-medium wp-image-56540\" src=\"https:\/\/hablemosclarotdf.com.ar\/wp-content\/uploads\/2025\/11\/photo_2025-11-03_11-32-52-300x225.jpg\" alt=\"\" width=\"300\" height=\"225\" srcset=\"https:\/\/hablemosclarotdf.com.ar\/wp-content\/uploads\/2025\/11\/photo_2025-11-03_11-32-52-300x225.jpg 300w, https:\/\/hablemosclarotdf.com.ar\/wp-content\/uploads\/2025\/11\/photo_2025-11-03_11-32-52-1024x768.jpg 1024w, https:\/\/hablemosclarotdf.com.ar\/wp-content\/uploads\/2025\/11\/photo_2025-11-03_11-32-52-768x576.jpg 768w, https:\/\/hablemosclarotdf.com.ar\/wp-content\/uploads\/2025\/11\/photo_2025-11-03_11-32-52.jpg 1280w\" sizes=\"auto, (max-width: 300px) 100vw, 300px\" \/> <img loading=\"lazy\" decoding=\"async\" class=\"alignnone size-medium wp-image-56541\" src=\"https:\/\/hablemosclarotdf.com.ar\/wp-content\/uploads\/2025\/11\/photo_2025-11-03_11-32-59-300x225.jpg\" alt=\"\" width=\"300\" height=\"225\" srcset=\"https:\/\/hablemosclarotdf.com.ar\/wp-content\/uploads\/2025\/11\/photo_2025-11-03_11-32-59-300x225.jpg 300w, https:\/\/hablemosclarotdf.com.ar\/wp-content\/uploads\/2025\/11\/photo_2025-11-03_11-32-59-1024x768.jpg 1024w, https:\/\/hablemosclarotdf.com.ar\/wp-content\/uploads\/2025\/11\/photo_2025-11-03_11-32-59-768x576.jpg 768w, https:\/\/hablemosclarotdf.com.ar\/wp-content\/uploads\/2025\/11\/photo_2025-11-03_11-32-59.jpg 1280w\" sizes=\"auto, (max-width: 300px) 100vw, 300px\" \/><\/p>\n","protected":false},"excerpt":{"rendered":"<p>La Agencia de Innovaci\u00f3n de la Provincia, a trav\u00e9s del Polo Creativo Centro de Tolhuin,&#8230;<\/p>\n","protected":false},"author":1,"featured_media":56538,"comment_status":"closed","ping_status":"closed","sticky":false,"template":"","format":"standard","meta":{"footnotes":""},"categories":[3],"tags":[],"class_list":["post-56537","post","type-post","status-publish","format-standard","has-post-thumbnail","hentry","category-noticias"],"jetpack_featured_media_url":"https:\/\/hablemosclarotdf.com.ar\/wp-content\/uploads\/2025\/11\/photo_2025-11-03_11-32-43.jpg","_links":{"self":[{"href":"https:\/\/hablemosclarotdf.com.ar\/index.php?rest_route=\/wp\/v2\/posts\/56537","targetHints":{"allow":["GET"]}}],"collection":[{"href":"https:\/\/hablemosclarotdf.com.ar\/index.php?rest_route=\/wp\/v2\/posts"}],"about":[{"href":"https:\/\/hablemosclarotdf.com.ar\/index.php?rest_route=\/wp\/v2\/types\/post"}],"author":[{"embeddable":true,"href":"https:\/\/hablemosclarotdf.com.ar\/index.php?rest_route=\/wp\/v2\/users\/1"}],"replies":[{"embeddable":true,"href":"https:\/\/hablemosclarotdf.com.ar\/index.php?rest_route=%2Fwp%2Fv2%2Fcomments&post=56537"}],"version-history":[{"count":2,"href":"https:\/\/hablemosclarotdf.com.ar\/index.php?rest_route=\/wp\/v2\/posts\/56537\/revisions"}],"predecessor-version":[{"id":56543,"href":"https:\/\/hablemosclarotdf.com.ar\/index.php?rest_route=\/wp\/v2\/posts\/56537\/revisions\/56543"}],"wp:featuredmedia":[{"embeddable":true,"href":"https:\/\/hablemosclarotdf.com.ar\/index.php?rest_route=\/wp\/v2\/media\/56538"}],"wp:attachment":[{"href":"https:\/\/hablemosclarotdf.com.ar\/index.php?rest_route=%2Fwp%2Fv2%2Fmedia&parent=56537"}],"wp:term":[{"taxonomy":"category","embeddable":true,"href":"https:\/\/hablemosclarotdf.com.ar\/index.php?rest_route=%2Fwp%2Fv2%2Fcategories&post=56537"},{"taxonomy":"post_tag","embeddable":true,"href":"https:\/\/hablemosclarotdf.com.ar\/index.php?rest_route=%2Fwp%2Fv2%2Ftags&post=56537"}],"curies":[{"name":"wp","href":"https:\/\/api.w.org\/{rel}","templated":true}]}}