{"id":56531,"date":"2025-11-03T10:56:50","date_gmt":"2025-11-03T13:56:50","guid":{"rendered":"https:\/\/hablemosclarotdf.com.ar\/?p=56531"},"modified":"2025-11-03T10:56:50","modified_gmt":"2025-11-03T13:56:50","slug":"se-realizara-una-nueva-edicion-de-la-capacitacion-integral-de-inclusion-laboral","status":"publish","type":"post","link":"https:\/\/hablemosclarotdf.com.ar\/?p=56531","title":{"rendered":"SE REALIZAR\u00c1 UNA NUEVA EDICI\u00d3N DE LA CAPACITACI\u00d3N INTEGRAL DE INCLUSI\u00d3N LABORAL"},"content":{"rendered":"<p>El Ministerio de Trabajo y Empleo, en conjunto con el CENS 2 y el Bachillerato Popular, acercan a los alumnos y ex alumnos una nueva edici\u00f3n de la Capacitaci\u00f3n Integral de Inclusi\u00f3n Laboral. La misma se llevar\u00e1 a cabo en Tolhuin, el pr\u00f3ximo mi\u00e9rcoles 5 de noviembre en el Colegio Trejo Noel (Rupatini 379).<\/p>\n<p>Durante la jornada se abordar\u00e1n, de manera participativa, pr\u00e1ctica y orientada a resolver las inquietudes de los participantes, distintos ejes vinculados al mundo del trabajo.<\/p>\n<p>Entre ellos, la elaboraci\u00f3n de curr\u00edculum vitae, con estrategias para destacar habilidades y experiencias; la preparaci\u00f3n para entrevistas laborales, incorporando herramientas de comunicaci\u00f3n efectiva y autoconfianza; nociones fundamentales de higiene y seguridad en el \u00e1mbito laboral; asesoramiento jur\u00eddico gratuito en materia de derechos laborales; y herramientas para la prevenci\u00f3n de la violencia y\/o acoso laboral.<\/p>\n<p>La propuesta es gratuita y est\u00e1 orientada tanto a personas que se encuentran en la b\u00fasqueda de empleo como a trabajadores en actividad. Las personas interesadas en participar podr\u00e1n contactarse directamente con las instituciones educativas vinculadas.<\/p>\n<p>Tambi\u00e9n podr\u00e1n hacerlo de manera presencial en la delegaci\u00f3n del Ministerio de Trabajo y Empleo en Tolhuin, ubicada en Pedro Oliva 526, de lunes a viernes, de 9 a 15 horas.<\/p>\n<p><img loading=\"lazy\" decoding=\"async\" class=\"alignnone size-medium wp-image-56533\" src=\"https:\/\/hablemosclarotdf.com.ar\/wp-content\/uploads\/2025\/11\/photo_2025-11-03_10-55-43-300x200.jpg\" alt=\"\" width=\"300\" height=\"200\" srcset=\"https:\/\/hablemosclarotdf.com.ar\/wp-content\/uploads\/2025\/11\/photo_2025-11-03_10-55-43-300x200.jpg 300w, https:\/\/hablemosclarotdf.com.ar\/wp-content\/uploads\/2025\/11\/photo_2025-11-03_10-55-43-1024x682.jpg 1024w, https:\/\/hablemosclarotdf.com.ar\/wp-content\/uploads\/2025\/11\/photo_2025-11-03_10-55-43-768x512.jpg 768w, https:\/\/hablemosclarotdf.com.ar\/wp-content\/uploads\/2025\/11\/photo_2025-11-03_10-55-43.jpg 1280w\" sizes=\"auto, (max-width: 300px) 100vw, 300px\" \/> <img loading=\"lazy\" decoding=\"async\" class=\"alignnone size-medium wp-image-56534\" src=\"https:\/\/hablemosclarotdf.com.ar\/wp-content\/uploads\/2025\/11\/photo_2025-11-03_10-55-48-300x225.jpg\" alt=\"\" width=\"300\" height=\"225\" srcset=\"https:\/\/hablemosclarotdf.com.ar\/wp-content\/uploads\/2025\/11\/photo_2025-11-03_10-55-48-300x225.jpg 300w, https:\/\/hablemosclarotdf.com.ar\/wp-content\/uploads\/2025\/11\/photo_2025-11-03_10-55-48-1024x768.jpg 1024w, https:\/\/hablemosclarotdf.com.ar\/wp-content\/uploads\/2025\/11\/photo_2025-11-03_10-55-48-768x576.jpg 768w, https:\/\/hablemosclarotdf.com.ar\/wp-content\/uploads\/2025\/11\/photo_2025-11-03_10-55-48.jpg 1280w\" sizes=\"auto, (max-width: 300px) 100vw, 300px\" \/><\/p>\n","protected":false},"excerpt":{"rendered":"<p>El Ministerio de Trabajo y Empleo, en conjunto con el CENS 2 y el Bachillerato&#8230;<\/p>\n","protected":false},"author":1,"featured_media":56532,"comment_status":"closed","ping_status":"closed","sticky":false,"template":"","format":"standard","meta":{"footnotes":""},"categories":[3],"tags":[],"class_list":["post-56531","post","type-post","status-publish","format-standard","has-post-thumbnail","hentry","category-noticias"],"jetpack_featured_media_url":"https:\/\/hablemosclarotdf.com.ar\/wp-content\/uploads\/2025\/11\/photo_2025-11-03_10-55-35.jpg","_links":{"self":[{"href":"https:\/\/hablemosclarotdf.com.ar\/index.php?rest_route=\/wp\/v2\/posts\/56531","targetHints":{"allow":["GET"]}}],"collection":[{"href":"https:\/\/hablemosclarotdf.com.ar\/index.php?rest_route=\/wp\/v2\/posts"}],"about":[{"href":"https:\/\/hablemosclarotdf.com.ar\/index.php?rest_route=\/wp\/v2\/types\/post"}],"author":[{"embeddable":true,"href":"https:\/\/hablemosclarotdf.com.ar\/index.php?rest_route=\/wp\/v2\/users\/1"}],"replies":[{"embeddable":true,"href":"https:\/\/hablemosclarotdf.com.ar\/index.php?rest_route=%2Fwp%2Fv2%2Fcomments&post=56531"}],"version-history":[{"count":1,"href":"https:\/\/hablemosclarotdf.com.ar\/index.php?rest_route=\/wp\/v2\/posts\/56531\/revisions"}],"predecessor-version":[{"id":56535,"href":"https:\/\/hablemosclarotdf.com.ar\/index.php?rest_route=\/wp\/v2\/posts\/56531\/revisions\/56535"}],"wp:featuredmedia":[{"embeddable":true,"href":"https:\/\/hablemosclarotdf.com.ar\/index.php?rest_route=\/wp\/v2\/media\/56532"}],"wp:attachment":[{"href":"https:\/\/hablemosclarotdf.com.ar\/index.php?rest_route=%2Fwp%2Fv2%2Fmedia&parent=56531"}],"wp:term":[{"taxonomy":"category","embeddable":true,"href":"https:\/\/hablemosclarotdf.com.ar\/index.php?rest_route=%2Fwp%2Fv2%2Fcategories&post=56531"},{"taxonomy":"post_tag","embeddable":true,"href":"https:\/\/hablemosclarotdf.com.ar\/index.php?rest_route=%2Fwp%2Fv2%2Ftags&post=56531"}],"curies":[{"name":"wp","href":"https:\/\/api.w.org\/{rel}","templated":true}]}}