{"id":56521,"date":"2025-11-03T09:53:37","date_gmt":"2025-11-03T12:53:37","guid":{"rendered":"https:\/\/hablemosclarotdf.com.ar\/?p=56521"},"modified":"2025-11-03T09:53:37","modified_gmt":"2025-11-03T12:53:37","slug":"rio-grande-el-municipio-lanza-la-campana-de-prevencion-de-cancer-de-prostata-2025","status":"publish","type":"post","link":"https:\/\/hablemosclarotdf.com.ar\/?p=56521","title":{"rendered":"RIO GRANDE : EL MUNICIPIO LANZA LA CAMPA\u00d1A DE PREVENCI\u00d3N DE C\u00c1NCER DE PR\u00d3STATA 2025"},"content":{"rendered":"<p>\u201cCuidarse tambi\u00e9n es cosa de hombres\u201d es el lema de esta campa\u00f1a que impulsa el Municipio de R\u00edo Grande. La misma est\u00e1 destinada a hombres y diversidades desde los 45 a\u00f1os con o sin obra social y tiene como fin fomentar la prevenci\u00f3n del c\u00e1ncer de pr\u00f3stata a partir de su detecci\u00f3n temprana. A partir del 17 de noviembre se extender\u00e1 esta iniciativa que forma parte de las acciones de prevenci\u00f3n y promoci\u00f3n que impulsa la Secretar\u00eda de Salud.<\/p>\n<p>El Municipio de R\u00edo Grande lanza por segundo a\u00f1o consecutivo el Programa de Prevenci\u00f3n de C\u00e1ncer de Pr\u00f3stata. Esta decisi\u00f3n es en virtud de la gran convocatoria que tuvo su primera edici\u00f3n en 2024, durante la cual se logr\u00f3 detectar a tiempo casos de c\u00e1ncer de pr\u00f3stata en estadios iniciales, permitiendo que los pacientes recibieran tratamientos curativos y hoy se encuentren en control y seguimiento activo por parte del equipo m\u00e9dico urol\u00f3gico.<\/p>\n<p>La iniciativa est\u00e1 destinada a hombres y diversidades a partir de los 45 a\u00f1os, con o sin obra social, quienes podr\u00e1n acceder a consultas con especialistas en urolog\u00eda como as\u00ed tambi\u00e9n a pruebas gratuitas para la detecci\u00f3n y diagn\u00f3stico temprano. Las atenciones se llevar\u00e1n a cabo en todos los Centros Municipales de Salud, y en el Centro de Especialidades M\u00e9dicas.<\/p>\n<p>Cabe destacar que las atenciones son totalmente gratuitas, est\u00e1n coordinadas por el equipo de salud municipal. Contar\u00e1 con la participaci\u00f3n de cuatro ur\u00f3logos, quienes estar\u00e1n a cargo de las evaluaciones y controles en los distintos Centros Municipales de Salud, garantizando una atenci\u00f3n integral y especializada.<\/p>\n<p>La inscripci\u00f3n comienza este lunes 3 de noviembre a partir de las 10:00 horas. Aquellos interesados en acceder a esta Campa\u00f1a deber\u00e1n completar el siguiente formulario: https:\/\/bit.ly\/4olfw8G.<\/p>\n<p>R\u00edo Grande contin\u00faa fortaleciendo su sistema municipal de salud p\u00fablica, acercando programas de prevenci\u00f3n a cada barrio. Con cada acci\u00f3n, m\u00e1s vecinos acceden gratuitamente a la atenci\u00f3n m\u00e9dica, generando mayor conciencia sobre la importancia del cuidado preventivo y promoviendo una ciudad m\u00e1s saludable y comprometida con la vida.<\/p>\n","protected":false},"excerpt":{"rendered":"<p>\u201cCuidarse tambi\u00e9n es cosa de hombres\u201d es el lema de esta campa\u00f1a que impulsa el&#8230;<\/p>\n","protected":false},"author":1,"featured_media":56522,"comment_status":"closed","ping_status":"closed","sticky":false,"template":"","format":"standard","meta":{"footnotes":""},"categories":[3],"tags":[],"class_list":["post-56521","post","type-post","status-publish","format-standard","has-post-thumbnail","hentry","category-noticias"],"jetpack_featured_media_url":"https:\/\/hablemosclarotdf.com.ar\/wp-content\/uploads\/2025\/11\/photo_2025-11-03_09-52-18.jpg","_links":{"self":[{"href":"https:\/\/hablemosclarotdf.com.ar\/index.php?rest_route=\/wp\/v2\/posts\/56521","targetHints":{"allow":["GET"]}}],"collection":[{"href":"https:\/\/hablemosclarotdf.com.ar\/index.php?rest_route=\/wp\/v2\/posts"}],"about":[{"href":"https:\/\/hablemosclarotdf.com.ar\/index.php?rest_route=\/wp\/v2\/types\/post"}],"author":[{"embeddable":true,"href":"https:\/\/hablemosclarotdf.com.ar\/index.php?rest_route=\/wp\/v2\/users\/1"}],"replies":[{"embeddable":true,"href":"https:\/\/hablemosclarotdf.com.ar\/index.php?rest_route=%2Fwp%2Fv2%2Fcomments&post=56521"}],"version-history":[{"count":1,"href":"https:\/\/hablemosclarotdf.com.ar\/index.php?rest_route=\/wp\/v2\/posts\/56521\/revisions"}],"predecessor-version":[{"id":56523,"href":"https:\/\/hablemosclarotdf.com.ar\/index.php?rest_route=\/wp\/v2\/posts\/56521\/revisions\/56523"}],"wp:featuredmedia":[{"embeddable":true,"href":"https:\/\/hablemosclarotdf.com.ar\/index.php?rest_route=\/wp\/v2\/media\/56522"}],"wp:attachment":[{"href":"https:\/\/hablemosclarotdf.com.ar\/index.php?rest_route=%2Fwp%2Fv2%2Fmedia&parent=56521"}],"wp:term":[{"taxonomy":"category","embeddable":true,"href":"https:\/\/hablemosclarotdf.com.ar\/index.php?rest_route=%2Fwp%2Fv2%2Fcategories&post=56521"},{"taxonomy":"post_tag","embeddable":true,"href":"https:\/\/hablemosclarotdf.com.ar\/index.php?rest_route=%2Fwp%2Fv2%2Ftags&post=56521"}],"curies":[{"name":"wp","href":"https:\/\/api.w.org\/{rel}","templated":true}]}}