{"id":56483,"date":"2025-11-02T21:25:59","date_gmt":"2025-11-03T00:25:59","guid":{"rendered":"https:\/\/hablemosclarotdf.com.ar\/?p=56483"},"modified":"2025-11-02T21:25:59","modified_gmt":"2025-11-03T00:25:59","slug":"ushuaia-la-municipalidad-incorporo-un-grupo-electrogeno-para-garantizar-la-continuidad-de-servicios-esenciales","status":"publish","type":"post","link":"https:\/\/hablemosclarotdf.com.ar\/?p=56483","title":{"rendered":"USHUAIA :LA MUNICIPALIDAD  INCORPOR\u00d3 UN GRUPO ELECTR\u00d3GENO PARA GARANTIZAR LA CONTINUIDAD DE SERVICIOS ESENCIALES"},"content":{"rendered":"<p>La Municipalidad de Ushuaia incorpor\u00f3 un grupo electr\u00f3geno de 160 KVA para el edificio central, en el marco del Plan de Modernizaci\u00f3n e Innovaci\u00f3n que impulsa el intendente Walter Vuoto. El objetivo es asegurar la continuidad de los servicios esenciales ante eventuales cortes de energ\u00eda.<\/p>\n<p>El equipo, adquirido con fondos municipales, permitir\u00e1 mantener operativos los sistemas inform\u00e1ticos, la atenci\u00f3n al p\u00fablico y los tr\u00e1mites administrativos durante interrupciones en el suministro el\u00e9ctrico.<\/p>\n<p>El generador cuenta con arranque autom\u00e1tico, transferencia de carga y monitoreo permanente, garantizando el abastecimiento para las \u00e1reas cr\u00edticas del edificio. Esto permite sostener el funcionamiento del sistema de gesti\u00f3n interna, los servicios en l\u00ednea y las comunicaciones institucionales.<\/p>\n<p>El vicejefe de Gabinete, Diego Salazar, destac\u00f3 que esta incorporaci\u00f3n forma parte del proceso de modernizaci\u00f3n que impulsa el Municipio y que tiene como objetivo fortalecer la calidad de los servicios a la comunidad.<\/p>\n<p>\u201cCon este equipo aseguramos que los servicios que dependen de la energ\u00eda no se detengan y que los vecinos y vecinas puedan seguir realizando tr\u00e1mites o recibiendo asistencia, incluso ante emergencias energ\u00e9ticas\u201d, afirm\u00f3 Salazar.<\/p>\n<p>Esta acci\u00f3n se suma a otras iniciativas destinadas a consolidar un Municipio m\u00e1s eficiente y preparado para los desaf\u00edos actuales y futuros.<\/p>\n<p><img loading=\"lazy\" decoding=\"async\" class=\"alignnone size-medium wp-image-56485\" src=\"https:\/\/hablemosclarotdf.com.ar\/wp-content\/uploads\/2025\/11\/photo_2025-11-02_21-24-15-300x200.jpg\" alt=\"\" width=\"300\" height=\"200\" srcset=\"https:\/\/hablemosclarotdf.com.ar\/wp-content\/uploads\/2025\/11\/photo_2025-11-02_21-24-15-300x200.jpg 300w, https:\/\/hablemosclarotdf.com.ar\/wp-content\/uploads\/2025\/11\/photo_2025-11-02_21-24-15-1024x682.jpg 1024w, https:\/\/hablemosclarotdf.com.ar\/wp-content\/uploads\/2025\/11\/photo_2025-11-02_21-24-15-768x512.jpg 768w, https:\/\/hablemosclarotdf.com.ar\/wp-content\/uploads\/2025\/11\/photo_2025-11-02_21-24-15.jpg 1280w\" sizes=\"auto, (max-width: 300px) 100vw, 300px\" \/> <img loading=\"lazy\" decoding=\"async\" class=\"alignnone size-medium wp-image-56486\" src=\"https:\/\/hablemosclarotdf.com.ar\/wp-content\/uploads\/2025\/11\/photo_2025-11-02_21-24-19-300x200.jpg\" alt=\"\" width=\"300\" height=\"200\" srcset=\"https:\/\/hablemosclarotdf.com.ar\/wp-content\/uploads\/2025\/11\/photo_2025-11-02_21-24-19-300x200.jpg 300w, https:\/\/hablemosclarotdf.com.ar\/wp-content\/uploads\/2025\/11\/photo_2025-11-02_21-24-19-1024x682.jpg 1024w, https:\/\/hablemosclarotdf.com.ar\/wp-content\/uploads\/2025\/11\/photo_2025-11-02_21-24-19-768x512.jpg 768w, https:\/\/hablemosclarotdf.com.ar\/wp-content\/uploads\/2025\/11\/photo_2025-11-02_21-24-19.jpg 1280w\" sizes=\"auto, (max-width: 300px) 100vw, 300px\" \/> <img loading=\"lazy\" decoding=\"async\" class=\"alignnone size-medium wp-image-56487\" src=\"https:\/\/hablemosclarotdf.com.ar\/wp-content\/uploads\/2025\/11\/photo_2025-11-02_21-24-23-300x200.jpg\" alt=\"\" width=\"300\" height=\"200\" srcset=\"https:\/\/hablemosclarotdf.com.ar\/wp-content\/uploads\/2025\/11\/photo_2025-11-02_21-24-23-300x200.jpg 300w, https:\/\/hablemosclarotdf.com.ar\/wp-content\/uploads\/2025\/11\/photo_2025-11-02_21-24-23-1024x682.jpg 1024w, https:\/\/hablemosclarotdf.com.ar\/wp-content\/uploads\/2025\/11\/photo_2025-11-02_21-24-23-768x512.jpg 768w, https:\/\/hablemosclarotdf.com.ar\/wp-content\/uploads\/2025\/11\/photo_2025-11-02_21-24-23.jpg 1280w\" sizes=\"auto, (max-width: 300px) 100vw, 300px\" \/> <img loading=\"lazy\" decoding=\"async\" class=\"alignnone size-medium wp-image-56488\" src=\"https:\/\/hablemosclarotdf.com.ar\/wp-content\/uploads\/2025\/11\/photo_2025-11-02_21-24-27-300x200.jpg\" alt=\"\" width=\"300\" height=\"200\" srcset=\"https:\/\/hablemosclarotdf.com.ar\/wp-content\/uploads\/2025\/11\/photo_2025-11-02_21-24-27-300x200.jpg 300w, https:\/\/hablemosclarotdf.com.ar\/wp-content\/uploads\/2025\/11\/photo_2025-11-02_21-24-27-1024x682.jpg 1024w, https:\/\/hablemosclarotdf.com.ar\/wp-content\/uploads\/2025\/11\/photo_2025-11-02_21-24-27-768x512.jpg 768w, https:\/\/hablemosclarotdf.com.ar\/wp-content\/uploads\/2025\/11\/photo_2025-11-02_21-24-27.jpg 1280w\" sizes=\"auto, (max-width: 300px) 100vw, 300px\" \/> <img loading=\"lazy\" decoding=\"async\" class=\"alignnone size-medium wp-image-56489\" src=\"https:\/\/hablemosclarotdf.com.ar\/wp-content\/uploads\/2025\/11\/photo_2025-11-02_21-24-32-254x300.jpg\" alt=\"\" width=\"254\" height=\"300\" srcset=\"https:\/\/hablemosclarotdf.com.ar\/wp-content\/uploads\/2025\/11\/photo_2025-11-02_21-24-32-254x300.jpg 254w, https:\/\/hablemosclarotdf.com.ar\/wp-content\/uploads\/2025\/11\/photo_2025-11-02_21-24-32.jpg 720w\" sizes=\"auto, (max-width: 254px) 100vw, 254px\" \/> <img loading=\"lazy\" decoding=\"async\" class=\"alignnone size-medium wp-image-56490\" src=\"https:\/\/hablemosclarotdf.com.ar\/wp-content\/uploads\/2025\/11\/photo_2025-11-02_21-24-36-267x300.jpg\" alt=\"\" width=\"267\" height=\"300\" srcset=\"https:\/\/hablemosclarotdf.com.ar\/wp-content\/uploads\/2025\/11\/photo_2025-11-02_21-24-36-267x300.jpg 267w, https:\/\/hablemosclarotdf.com.ar\/wp-content\/uploads\/2025\/11\/photo_2025-11-02_21-24-36.jpg 720w\" sizes=\"auto, (max-width: 267px) 100vw, 267px\" \/><\/p>\n","protected":false},"excerpt":{"rendered":"<p>La Municipalidad de Ushuaia incorpor\u00f3 un grupo electr\u00f3geno de 160 KVA para el edificio central,&#8230;<\/p>\n","protected":false},"author":1,"featured_media":56484,"comment_status":"closed","ping_status":"closed","sticky":false,"template":"","format":"standard","meta":{"footnotes":""},"categories":[3],"tags":[],"class_list":["post-56483","post","type-post","status-publish","format-standard","has-post-thumbnail","hentry","category-noticias"],"jetpack_featured_media_url":"https:\/\/hablemosclarotdf.com.ar\/wp-content\/uploads\/2025\/11\/photo_2025-11-02_21-24-11.jpg","_links":{"self":[{"href":"https:\/\/hablemosclarotdf.com.ar\/index.php?rest_route=\/wp\/v2\/posts\/56483","targetHints":{"allow":["GET"]}}],"collection":[{"href":"https:\/\/hablemosclarotdf.com.ar\/index.php?rest_route=\/wp\/v2\/posts"}],"about":[{"href":"https:\/\/hablemosclarotdf.com.ar\/index.php?rest_route=\/wp\/v2\/types\/post"}],"author":[{"embeddable":true,"href":"https:\/\/hablemosclarotdf.com.ar\/index.php?rest_route=\/wp\/v2\/users\/1"}],"replies":[{"embeddable":true,"href":"https:\/\/hablemosclarotdf.com.ar\/index.php?rest_route=%2Fwp%2Fv2%2Fcomments&post=56483"}],"version-history":[{"count":1,"href":"https:\/\/hablemosclarotdf.com.ar\/index.php?rest_route=\/wp\/v2\/posts\/56483\/revisions"}],"predecessor-version":[{"id":56491,"href":"https:\/\/hablemosclarotdf.com.ar\/index.php?rest_route=\/wp\/v2\/posts\/56483\/revisions\/56491"}],"wp:featuredmedia":[{"embeddable":true,"href":"https:\/\/hablemosclarotdf.com.ar\/index.php?rest_route=\/wp\/v2\/media\/56484"}],"wp:attachment":[{"href":"https:\/\/hablemosclarotdf.com.ar\/index.php?rest_route=%2Fwp%2Fv2%2Fmedia&parent=56483"}],"wp:term":[{"taxonomy":"category","embeddable":true,"href":"https:\/\/hablemosclarotdf.com.ar\/index.php?rest_route=%2Fwp%2Fv2%2Fcategories&post=56483"},{"taxonomy":"post_tag","embeddable":true,"href":"https:\/\/hablemosclarotdf.com.ar\/index.php?rest_route=%2Fwp%2Fv2%2Ftags&post=56483"}],"curies":[{"name":"wp","href":"https:\/\/api.w.org\/{rel}","templated":true}]}}