{"id":56458,"date":"2025-11-02T17:36:09","date_gmt":"2025-11-02T20:36:09","guid":{"rendered":"https:\/\/hablemosclarotdf.com.ar\/?p=56458"},"modified":"2025-11-02T17:36:09","modified_gmt":"2025-11-02T20:36:09","slug":"inician-las-inscripciones-para-jovenes-y-adultos-que-deseen-culminar-sus-estudios-secundarios","status":"publish","type":"post","link":"https:\/\/hablemosclarotdf.com.ar\/?p=56458","title":{"rendered":"INICIAN LAS INSCRIPCIONES PARA J\u00d3VENES Y ADULTOS QUE DESEEN CULMINAR SUS ESTUDIOS SECUNDARIOS"},"content":{"rendered":"<p>El Ministerio de Educaci\u00f3n de la provincia de Tierra del Fuego, AeIAS, abre las inscripciones de educaci\u00f3n secundaria para j\u00f3venes y adultos para el Ciclo Lectivo 2026.<\/p>\n<p>La propuesta est\u00e1 destinada a mayores de 18 a\u00f1os que hayan finalizado sus estudios primarios y deseen culminar sus estudios secundarios a trav\u00e9s de los Centros Educativos de Nivel Secundario (CENS) y Bachilleratos Populares, ofreciendo tanto la modalidad presencial como semipresencial.<\/p>\n<p>Para cursada presencial las inscripciones se realizar\u00e1n desde el 3 al 28 de noviembre. Se ofrece una duraci\u00f3n de 3 a\u00f1os o menos para quienes tienen los estudios secundarios incompletos a trav\u00e9s de diversas orientaciones y especialidades y otorgando t\u00edtulo oficial con validez nacional.<\/p>\n<p>En cuanto a la modalidad de cursada semipresencial las inscripciones est\u00e1n abiertas todo el a\u00f1o, correspondiendo a las siguientes instituciones:<\/p>\n<p>-Ushuaia: C.E.N.S. N\u00ba 3, N\u00ba 15, N\u00ba 302 y N\u00ba 364.<br \/>\n-Tolhuin: C.E.N.S. N\u00ba 2.<br \/>\n-R\u00edo Grande: C.E.N.S. N\u00ba 1, N\u00ba 18 Sede, Anexo Esc.10, Anexo Esc.46.<\/p>\n<p>Esta modalidad no requiere asistir a clase diariamente, se avanza por materias seg\u00fan el propio ritmo y posibilidades, se otorga material de estudio para el aprendizaje aut\u00f3nomo y espacios de apoyo y evaluaciones presenciales, con una cursada no graduada (se pueden cursar materias de distintos a\u00f1os) y no anualizada (se puede iniciar la cursada de una materia en cualquier mes del a\u00f1o), otorgando tambi\u00e9n t\u00edtulo oficial con validez nacional.<\/p>\n<p>La documentaci\u00f3n necesaria a presentar para inscribirse en cada instituci\u00f3n es Copia de DNI, Certificado Anal\u00edtico Parcial o copia de Libro Matriz de Nivel Secundario o copia de Certificado de Finalizaci\u00f3n del Nivel Primario.<\/p>\n<p>Para conocer todos los establecimientos educativos de la modalidad de Educaci\u00f3n para J\u00f3venes y Adultos de la provincia y sus orientaciones podr\u00e1n ingresar al link:<\/p>\n<blockquote class=\"wp-embedded-content\" data-secret=\"l2T53vR5ML\"><p><a href=\"https:\/\/educacion.tierradelfuego.gob.ar\/instituciones-de-nivel-secundario-de-epja\/\"><\/a><\/p><\/blockquote>\n<p><iframe loading=\"lazy\" class=\"wp-embedded-content\" sandbox=\"allow-scripts\" security=\"restricted\" style=\"position: absolute; visibility: hidden;\" title=\"\u00ab\u00bb \u2014 Educaci\u00f3n\" src=\"https:\/\/educacion.tierradelfuego.gob.ar\/instituciones-de-nivel-secundario-de-epja\/embed\/#?secret=jzJ6vdWr9d#?secret=l2T53vR5ML\" data-secret=\"l2T53vR5ML\" width=\"600\" height=\"338\" frameborder=\"0\" marginwidth=\"0\" marginheight=\"0\" scrolling=\"no\"><\/iframe><\/p>\n<p><img loading=\"lazy\" decoding=\"async\" class=\"alignnone size-medium wp-image-56460\" src=\"https:\/\/hablemosclarotdf.com.ar\/wp-content\/uploads\/2025\/11\/photo_2025-11-02_17-35-06-300x200.jpg\" alt=\"\" width=\"300\" height=\"200\" srcset=\"https:\/\/hablemosclarotdf.com.ar\/wp-content\/uploads\/2025\/11\/photo_2025-11-02_17-35-06-300x200.jpg 300w, https:\/\/hablemosclarotdf.com.ar\/wp-content\/uploads\/2025\/11\/photo_2025-11-02_17-35-06-1024x682.jpg 1024w, https:\/\/hablemosclarotdf.com.ar\/wp-content\/uploads\/2025\/11\/photo_2025-11-02_17-35-06-768x512.jpg 768w, https:\/\/hablemosclarotdf.com.ar\/wp-content\/uploads\/2025\/11\/photo_2025-11-02_17-35-06.jpg 1280w\" sizes=\"auto, (max-width: 300px) 100vw, 300px\" \/> <img loading=\"lazy\" decoding=\"async\" class=\"alignnone size-medium wp-image-56461\" src=\"https:\/\/hablemosclarotdf.com.ar\/wp-content\/uploads\/2025\/11\/photo_2025-11-02_17-35-10-300x225.jpg\" alt=\"\" width=\"300\" height=\"225\" srcset=\"https:\/\/hablemosclarotdf.com.ar\/wp-content\/uploads\/2025\/11\/photo_2025-11-02_17-35-10-300x225.jpg 300w, https:\/\/hablemosclarotdf.com.ar\/wp-content\/uploads\/2025\/11\/photo_2025-11-02_17-35-10-1024x768.jpg 1024w, https:\/\/hablemosclarotdf.com.ar\/wp-content\/uploads\/2025\/11\/photo_2025-11-02_17-35-10-768x576.jpg 768w, https:\/\/hablemosclarotdf.com.ar\/wp-content\/uploads\/2025\/11\/photo_2025-11-02_17-35-10.jpg 1280w\" sizes=\"auto, (max-width: 300px) 100vw, 300px\" \/><\/p>\n","protected":false},"excerpt":{"rendered":"<p>El Ministerio de Educaci\u00f3n de la provincia de Tierra del Fuego, AeIAS, abre las inscripciones&#8230;<\/p>\n","protected":false},"author":1,"featured_media":56459,"comment_status":"closed","ping_status":"closed","sticky":false,"template":"","format":"standard","meta":{"footnotes":""},"categories":[3],"tags":[],"class_list":["post-56458","post","type-post","status-publish","format-standard","has-post-thumbnail","hentry","category-noticias"],"jetpack_featured_media_url":"https:\/\/hablemosclarotdf.com.ar\/wp-content\/uploads\/2025\/11\/photo_2025-11-02_17-34-51.jpg","_links":{"self":[{"href":"https:\/\/hablemosclarotdf.com.ar\/index.php?rest_route=\/wp\/v2\/posts\/56458","targetHints":{"allow":["GET"]}}],"collection":[{"href":"https:\/\/hablemosclarotdf.com.ar\/index.php?rest_route=\/wp\/v2\/posts"}],"about":[{"href":"https:\/\/hablemosclarotdf.com.ar\/index.php?rest_route=\/wp\/v2\/types\/post"}],"author":[{"embeddable":true,"href":"https:\/\/hablemosclarotdf.com.ar\/index.php?rest_route=\/wp\/v2\/users\/1"}],"replies":[{"embeddable":true,"href":"https:\/\/hablemosclarotdf.com.ar\/index.php?rest_route=%2Fwp%2Fv2%2Fcomments&post=56458"}],"version-history":[{"count":1,"href":"https:\/\/hablemosclarotdf.com.ar\/index.php?rest_route=\/wp\/v2\/posts\/56458\/revisions"}],"predecessor-version":[{"id":56462,"href":"https:\/\/hablemosclarotdf.com.ar\/index.php?rest_route=\/wp\/v2\/posts\/56458\/revisions\/56462"}],"wp:featuredmedia":[{"embeddable":true,"href":"https:\/\/hablemosclarotdf.com.ar\/index.php?rest_route=\/wp\/v2\/media\/56459"}],"wp:attachment":[{"href":"https:\/\/hablemosclarotdf.com.ar\/index.php?rest_route=%2Fwp%2Fv2%2Fmedia&parent=56458"}],"wp:term":[{"taxonomy":"category","embeddable":true,"href":"https:\/\/hablemosclarotdf.com.ar\/index.php?rest_route=%2Fwp%2Fv2%2Fcategories&post=56458"},{"taxonomy":"post_tag","embeddable":true,"href":"https:\/\/hablemosclarotdf.com.ar\/index.php?rest_route=%2Fwp%2Fv2%2Ftags&post=56458"}],"curies":[{"name":"wp","href":"https:\/\/api.w.org\/{rel}","templated":true}]}}