{"id":56437,"date":"2025-11-02T17:27:11","date_gmt":"2025-11-02T20:27:11","guid":{"rendered":"https:\/\/hablemosclarotdf.com.ar\/?p=56437"},"modified":"2025-11-02T17:27:11","modified_gmt":"2025-11-02T20:27:11","slug":"rio-grande-llega-la-5-expo-agroproductiva","status":"publish","type":"post","link":"https:\/\/hablemosclarotdf.com.ar\/?p=56437","title":{"rendered":"RIO GRANDE : LLEGA LA 5\u00b0 EXPO AGROPRODUCTIVA"},"content":{"rendered":"<p>La propuesta reunir\u00e1 el s\u00e1bado 8 y el domingo 9 a todo el sector productivo de la ciudad en la Misi\u00f3n Salesiana de 12 a 20 horas. De esta manera, el Municipio busca posicionar a la &#8220;Expo Agroproductiva&#8221; como el encuentro m\u00e1s importante de la Patagonia Austral.<\/p>\n<p>Durante las dos jornadas, los vecinos y vecinas podr\u00e1n recorrer los stands de productores, PYMES e Industrias de toda la provincia, as\u00ed como de emprendedoras y emprendedores que aportan valor agregado local, y disfrutar de un paseo gastron\u00f3mico. En el exterior encontrar\u00e1n exhibiciones de destrezas criollas y propuestas recreativas para las infancias.<\/p>\n<p>Otro de los atractivos de este evento, como cada a\u00f1o, ser\u00e1n las capacitaciones productivas. Las mismas se dictar\u00e1n en un sal\u00f3n como tambi\u00e9n en el escenario principal y estar\u00e1n a cargo de referentes de proyectos fueguinos que han crecido en su producci\u00f3n en los \u00faltimos a\u00f1os. Tambi\u00e9n habr\u00e1 diferentes espect\u00e1culos art\u00edsticos para el disfrute de toda la familia y cocina en vivo con insumos y chefs locales.<\/p>\n<p>Dando continuidad por 5\u00b0 a\u00f1o consecutivo a la \u201cExpo Agroproductiva\u201d, el Municipio invita a la comunidad a pasar un d\u00eda de campo y conectar con sus raices, en pos de consolidar a la producci\u00f3n local como base para la construcci\u00f3n de una R\u00edo Grande con Soberan\u00eda Alimentaria.<\/p>\n<p><img loading=\"lazy\" decoding=\"async\" class=\"alignnone size-medium wp-image-56439\" src=\"https:\/\/hablemosclarotdf.com.ar\/wp-content\/uploads\/2025\/11\/photo_2025-11-02_17-25-52-300x200.jpg\" alt=\"\" width=\"300\" height=\"200\" srcset=\"https:\/\/hablemosclarotdf.com.ar\/wp-content\/uploads\/2025\/11\/photo_2025-11-02_17-25-52-300x200.jpg 300w, https:\/\/hablemosclarotdf.com.ar\/wp-content\/uploads\/2025\/11\/photo_2025-11-02_17-25-52-1024x682.jpg 1024w, https:\/\/hablemosclarotdf.com.ar\/wp-content\/uploads\/2025\/11\/photo_2025-11-02_17-25-52-768x511.jpg 768w, https:\/\/hablemosclarotdf.com.ar\/wp-content\/uploads\/2025\/11\/photo_2025-11-02_17-25-52.jpg 1280w\" sizes=\"auto, (max-width: 300px) 100vw, 300px\" \/> <img loading=\"lazy\" decoding=\"async\" class=\"alignnone size-medium wp-image-56440\" src=\"https:\/\/hablemosclarotdf.com.ar\/wp-content\/uploads\/2025\/11\/photo_2025-11-02_17-25-58-300x200.jpg\" alt=\"\" width=\"300\" height=\"200\" srcset=\"https:\/\/hablemosclarotdf.com.ar\/wp-content\/uploads\/2025\/11\/photo_2025-11-02_17-25-58-300x200.jpg 300w, https:\/\/hablemosclarotdf.com.ar\/wp-content\/uploads\/2025\/11\/photo_2025-11-02_17-25-58-1024x682.jpg 1024w, https:\/\/hablemosclarotdf.com.ar\/wp-content\/uploads\/2025\/11\/photo_2025-11-02_17-25-58-768x511.jpg 768w, https:\/\/hablemosclarotdf.com.ar\/wp-content\/uploads\/2025\/11\/photo_2025-11-02_17-25-58.jpg 1280w\" sizes=\"auto, (max-width: 300px) 100vw, 300px\" \/><\/p>\n","protected":false},"excerpt":{"rendered":"<p>La propuesta reunir\u00e1 el s\u00e1bado 8 y el domingo 9 a todo el sector productivo&#8230;<\/p>\n","protected":false},"author":1,"featured_media":56438,"comment_status":"closed","ping_status":"closed","sticky":false,"template":"","format":"standard","meta":{"footnotes":""},"categories":[3],"tags":[],"class_list":["post-56437","post","type-post","status-publish","format-standard","has-post-thumbnail","hentry","category-noticias"],"jetpack_featured_media_url":"https:\/\/hablemosclarotdf.com.ar\/wp-content\/uploads\/2025\/11\/photo_2025-11-02_17-25-40.jpg","_links":{"self":[{"href":"https:\/\/hablemosclarotdf.com.ar\/index.php?rest_route=\/wp\/v2\/posts\/56437","targetHints":{"allow":["GET"]}}],"collection":[{"href":"https:\/\/hablemosclarotdf.com.ar\/index.php?rest_route=\/wp\/v2\/posts"}],"about":[{"href":"https:\/\/hablemosclarotdf.com.ar\/index.php?rest_route=\/wp\/v2\/types\/post"}],"author":[{"embeddable":true,"href":"https:\/\/hablemosclarotdf.com.ar\/index.php?rest_route=\/wp\/v2\/users\/1"}],"replies":[{"embeddable":true,"href":"https:\/\/hablemosclarotdf.com.ar\/index.php?rest_route=%2Fwp%2Fv2%2Fcomments&post=56437"}],"version-history":[{"count":1,"href":"https:\/\/hablemosclarotdf.com.ar\/index.php?rest_route=\/wp\/v2\/posts\/56437\/revisions"}],"predecessor-version":[{"id":56441,"href":"https:\/\/hablemosclarotdf.com.ar\/index.php?rest_route=\/wp\/v2\/posts\/56437\/revisions\/56441"}],"wp:featuredmedia":[{"embeddable":true,"href":"https:\/\/hablemosclarotdf.com.ar\/index.php?rest_route=\/wp\/v2\/media\/56438"}],"wp:attachment":[{"href":"https:\/\/hablemosclarotdf.com.ar\/index.php?rest_route=%2Fwp%2Fv2%2Fmedia&parent=56437"}],"wp:term":[{"taxonomy":"category","embeddable":true,"href":"https:\/\/hablemosclarotdf.com.ar\/index.php?rest_route=%2Fwp%2Fv2%2Fcategories&post=56437"},{"taxonomy":"post_tag","embeddable":true,"href":"https:\/\/hablemosclarotdf.com.ar\/index.php?rest_route=%2Fwp%2Fv2%2Ftags&post=56437"}],"curies":[{"name":"wp","href":"https:\/\/api.w.org\/{rel}","templated":true}]}}