{"id":56408,"date":"2025-11-02T13:47:22","date_gmt":"2025-11-02T16:47:22","guid":{"rendered":"https:\/\/hablemosclarotdf.com.ar\/?p=56408"},"modified":"2025-11-02T13:47:22","modified_gmt":"2025-11-02T16:47:22","slug":"ushuaia-la-municipalidad-participo-del-64-workshop-de-la-acav-en-cordoba","status":"publish","type":"post","link":"https:\/\/hablemosclarotdf.com.ar\/?p=56408","title":{"rendered":"USHUAIA : LA MUNICIPALIDAD  PARTICIP\u00d3 DEL 64\u00b0 WORKSHOP DE LA ACAV EN C\u00d3RDOBA"},"content":{"rendered":"<p>La Municipalidad de Ushuaia particip\u00f3 del 64\u00b0 Workshop organizado por la Asociaci\u00f3n Cordobesa de Agencias de Viajes (ACAV), que tuvo lugar el 31 de octubre y 1\u00b0 de noviembre en el Centro de Convenciones C\u00f3rdoba \u201cBrigadier General Juan Bautista Bustos\u201d.<\/p>\n<p>En representaci\u00f3n del Municipio estuvieron presentes la secretaria de Turismo, Viviana Manfredotti, y el director de Planificaci\u00f3n y Promoci\u00f3n Tur\u00edstica del Destino, Paulo Lezcano.<\/p>\n<p>Manfredotti destac\u00f3 &#8220;la importancia de que Ushuaia est\u00e9 presente en estos espacios de comercializaci\u00f3n tur\u00edstica que re\u00fanen a m\u00e1s de 150 expositores, 2.500 profesionales y empresarios del sector, y alrededor de 5.000 visitantes&#8221;.<\/p>\n<p>\u201cParticipamos de este evento para seguir construyendo lazos, conectar destinos y fortalecer el turismo nacional. Estar presentes es fundamental para continuar posicionando a Ushuaia en la agenda promocional del pa\u00eds\u201d, afirm\u00f3.<\/p>\n<p>Asimismo, Manfredotti se\u00f1al\u00f3 que &#8220;la participaci\u00f3n permite exhibir las bellezas, productos y servicios que ofrece la Ciudad, junto a la promoci\u00f3n del corredor regional \u2018Patagonia Fant\u00e1stica\u2019, conformado por Ushuaia, El Calafate y Puerto Madryn&#8221;.<br \/>\n&#8221;<br \/>\nEs una propuesta que crece a\u00f1o a a\u00f1o gracias a la sinergia p\u00fablico-privada\u201d, expres\u00f3.<\/p>\n<p>La Secretaria tambi\u00e9n resalt\u00f3 que \u201cC\u00f3rdoba es un punto clave de conectividad a\u00e9rea para nuestra ciudad con el norte del pa\u00eds\u201d.<\/p>\n<p>Finalmente, la funcionaria subray\u00f3 que \u201ces imperioso que en esta temporada de verano 2026 sigamos robusteciendo el turismo interno, consolidando a Ushuaia como uno de los destinos m\u00e1s elegidos de la Argentina\u201d.<\/p>\n<p><img loading=\"lazy\" decoding=\"async\" class=\"alignnone size-medium wp-image-56410\" src=\"https:\/\/hablemosclarotdf.com.ar\/wp-content\/uploads\/2025\/11\/photo_2025-11-02_13-43-59-300x225.jpg\" alt=\"\" width=\"300\" height=\"225\" srcset=\"https:\/\/hablemosclarotdf.com.ar\/wp-content\/uploads\/2025\/11\/photo_2025-11-02_13-43-59-300x225.jpg 300w, https:\/\/hablemosclarotdf.com.ar\/wp-content\/uploads\/2025\/11\/photo_2025-11-02_13-43-59-1024x768.jpg 1024w, https:\/\/hablemosclarotdf.com.ar\/wp-content\/uploads\/2025\/11\/photo_2025-11-02_13-43-59-768x576.jpg 768w, https:\/\/hablemosclarotdf.com.ar\/wp-content\/uploads\/2025\/11\/photo_2025-11-02_13-43-59.jpg 1280w\" sizes=\"auto, (max-width: 300px) 100vw, 300px\" \/> <img loading=\"lazy\" decoding=\"async\" class=\"alignnone size-medium wp-image-56411\" src=\"https:\/\/hablemosclarotdf.com.ar\/wp-content\/uploads\/2025\/11\/photo_2025-11-02_13-44-03-300x225.jpg\" alt=\"\" width=\"300\" height=\"225\" srcset=\"https:\/\/hablemosclarotdf.com.ar\/wp-content\/uploads\/2025\/11\/photo_2025-11-02_13-44-03-300x225.jpg 300w, https:\/\/hablemosclarotdf.com.ar\/wp-content\/uploads\/2025\/11\/photo_2025-11-02_13-44-03-1024x768.jpg 1024w, https:\/\/hablemosclarotdf.com.ar\/wp-content\/uploads\/2025\/11\/photo_2025-11-02_13-44-03-768x576.jpg 768w, https:\/\/hablemosclarotdf.com.ar\/wp-content\/uploads\/2025\/11\/photo_2025-11-02_13-44-03.jpg 1280w\" sizes=\"auto, (max-width: 300px) 100vw, 300px\" \/> <img loading=\"lazy\" decoding=\"async\" class=\"alignnone size-medium wp-image-56412\" src=\"https:\/\/hablemosclarotdf.com.ar\/wp-content\/uploads\/2025\/11\/photo_2025-11-02_13-44-08-300x200.jpg\" alt=\"\" width=\"300\" height=\"200\" srcset=\"https:\/\/hablemosclarotdf.com.ar\/wp-content\/uploads\/2025\/11\/photo_2025-11-02_13-44-08-300x200.jpg 300w, https:\/\/hablemosclarotdf.com.ar\/wp-content\/uploads\/2025\/11\/photo_2025-11-02_13-44-08-1024x682.jpg 1024w, https:\/\/hablemosclarotdf.com.ar\/wp-content\/uploads\/2025\/11\/photo_2025-11-02_13-44-08-768x512.jpg 768w, https:\/\/hablemosclarotdf.com.ar\/wp-content\/uploads\/2025\/11\/photo_2025-11-02_13-44-08.jpg 1280w\" sizes=\"auto, (max-width: 300px) 100vw, 300px\" \/><\/p>\n","protected":false},"excerpt":{"rendered":"<p>La Municipalidad de Ushuaia particip\u00f3 del 64\u00b0 Workshop organizado por la Asociaci\u00f3n Cordobesa de Agencias&#8230;<\/p>\n","protected":false},"author":1,"featured_media":56409,"comment_status":"closed","ping_status":"closed","sticky":false,"template":"","format":"standard","meta":{"footnotes":""},"categories":[3],"tags":[],"class_list":["post-56408","post","type-post","status-publish","format-standard","has-post-thumbnail","hentry","category-noticias"],"jetpack_featured_media_url":"https:\/\/hablemosclarotdf.com.ar\/wp-content\/uploads\/2025\/11\/photo_2025-11-02_13-43-50.jpg","_links":{"self":[{"href":"https:\/\/hablemosclarotdf.com.ar\/index.php?rest_route=\/wp\/v2\/posts\/56408","targetHints":{"allow":["GET"]}}],"collection":[{"href":"https:\/\/hablemosclarotdf.com.ar\/index.php?rest_route=\/wp\/v2\/posts"}],"about":[{"href":"https:\/\/hablemosclarotdf.com.ar\/index.php?rest_route=\/wp\/v2\/types\/post"}],"author":[{"embeddable":true,"href":"https:\/\/hablemosclarotdf.com.ar\/index.php?rest_route=\/wp\/v2\/users\/1"}],"replies":[{"embeddable":true,"href":"https:\/\/hablemosclarotdf.com.ar\/index.php?rest_route=%2Fwp%2Fv2%2Fcomments&post=56408"}],"version-history":[{"count":1,"href":"https:\/\/hablemosclarotdf.com.ar\/index.php?rest_route=\/wp\/v2\/posts\/56408\/revisions"}],"predecessor-version":[{"id":56413,"href":"https:\/\/hablemosclarotdf.com.ar\/index.php?rest_route=\/wp\/v2\/posts\/56408\/revisions\/56413"}],"wp:featuredmedia":[{"embeddable":true,"href":"https:\/\/hablemosclarotdf.com.ar\/index.php?rest_route=\/wp\/v2\/media\/56409"}],"wp:attachment":[{"href":"https:\/\/hablemosclarotdf.com.ar\/index.php?rest_route=%2Fwp%2Fv2%2Fmedia&parent=56408"}],"wp:term":[{"taxonomy":"category","embeddable":true,"href":"https:\/\/hablemosclarotdf.com.ar\/index.php?rest_route=%2Fwp%2Fv2%2Fcategories&post=56408"},{"taxonomy":"post_tag","embeddable":true,"href":"https:\/\/hablemosclarotdf.com.ar\/index.php?rest_route=%2Fwp%2Fv2%2Ftags&post=56408"}],"curies":[{"name":"wp","href":"https:\/\/api.w.org\/{rel}","templated":true}]}}