{"id":56377,"date":"2025-11-01T19:45:18","date_gmt":"2025-11-01T22:45:18","guid":{"rendered":"https:\/\/hablemosclarotdf.com.ar\/?p=56377"},"modified":"2025-11-01T19:45:18","modified_gmt":"2025-11-01T22:45:18","slug":"en-la-ultima-reunion-de-la-caae-la-provincia-brindo-fuerte-apoyo-al-sector-industrial-que-atraviesa-critica-situacion","status":"publish","type":"post","link":"https:\/\/hablemosclarotdf.com.ar\/?p=56377","title":{"rendered":"EN LA \u00daLTIMA REUNI\u00d3N DE LA CAAE LA PROVINCIA BRIND\u00d3 FUERTE APOYO AL SECTOR INDUSTRIAL QUE ATRAVIESA CR\u00cdTICA SITUACI\u00d3N"},"content":{"rendered":"<p>El Ministerio de Producci\u00f3n y Ambiente, a trav\u00e9s de la Secretar\u00eda de Industria y Promoci\u00f3n Econ\u00f3mica, llev\u00f3 adelante la reuni\u00f3n N\u00b0 641 de la Comisi\u00f3n para el \u00c1rea Aduanera Especial (CAAE). El encuentro se concret\u00f3 en Casa de Gobierno y estuvo encabezado por la secretaria de Industria y Promoci\u00f3n Econ\u00f3mica Alejandra Man.<\/p>\n<p>La funcionaria detall\u00f3 que durante el encuentro se abord\u00f3 la dif\u00edcil situaci\u00f3n que atraviesan las empresas textiles, as\u00ed como se elev\u00f3 a conocimiento de los miembros, las \u00faltimas actualizaciones jur\u00eddicas y el estado general de las empresas Australtex y Sue\u00f1o Fueguino.<\/p>\n<p>Adem\u00e1s, destac\u00f3 la presentaci\u00f3n de un proyecto por parte de la Subsecretar\u00eda de Gesti\u00f3n Productiva, para la actualizaci\u00f3n del proceso productivo de m\u00f3dulos electr\u00f3nicos para veh\u00edculos.<\/p>\n<p>Al respecto, Man recalc\u00f3 la importancia de esta iniciativa \u201cteniendo en cuenta la necesidad de varias empresas de revisar conceptos que devienen de saltos tecnol\u00f3gicos, y tambi\u00e9n la posibilidad de fabricar nuevos productos dentro del rubro de la electr\u00f3nica para veh\u00edculos\u201d.<\/p>\n<p>Por su parte, la ministra de Trabajo y Empleo Sonia Castiglione manifest\u00f3 la necesidad \u201cde que esta Comisi\u00f3n analice las novedades, propendiendo al sostenimiento de la actividad de las empresas involucradas y los puestos laborales&#8221;.<\/p>\n<p>Paralelamente, representantes de la Uni\u00f3n Obrera Metal\u00fargica (UOM) de R\u00edo Grande y Ushuaia expresaron su preocupaci\u00f3n ante la falta de informaci\u00f3n sobre el proyecto del proceso productivo de celulares presentado por las c\u00e1maras industriales, y el impacto que el mismo generar\u00eda en los puestos laborales del sector.<\/p>\n<p>En tal sentido, solicitaron a las c\u00e1maras industriales que se les brinde informaci\u00f3n detallada sobre las posibles consecuencias laborales de esta definici\u00f3n, con el objetivo de garantizar la protecci\u00f3n de los puestos de trabajo y el desarrollo de la industria local.<\/p>\n<p>&nbsp;<\/p>\n<p><img loading=\"lazy\" decoding=\"async\" class=\"alignnone size-medium wp-image-56379\" src=\"https:\/\/hablemosclarotdf.com.ar\/wp-content\/uploads\/2025\/11\/photo_2025-11-01_19-43-34-300x151.jpg\" alt=\"\" width=\"300\" height=\"151\" srcset=\"https:\/\/hablemosclarotdf.com.ar\/wp-content\/uploads\/2025\/11\/photo_2025-11-01_19-43-34-300x151.jpg 300w, https:\/\/hablemosclarotdf.com.ar\/wp-content\/uploads\/2025\/11\/photo_2025-11-01_19-43-34-1024x514.jpg 1024w, https:\/\/hablemosclarotdf.com.ar\/wp-content\/uploads\/2025\/11\/photo_2025-11-01_19-43-34-768x386.jpg 768w, https:\/\/hablemosclarotdf.com.ar\/wp-content\/uploads\/2025\/11\/photo_2025-11-01_19-43-34.jpg 1280w\" sizes=\"auto, (max-width: 300px) 100vw, 300px\" \/> <img loading=\"lazy\" decoding=\"async\" class=\"alignnone size-medium wp-image-56380\" src=\"https:\/\/hablemosclarotdf.com.ar\/wp-content\/uploads\/2025\/11\/photo_2025-11-01_19-43-39-300x169.jpg\" alt=\"\" width=\"300\" height=\"169\" srcset=\"https:\/\/hablemosclarotdf.com.ar\/wp-content\/uploads\/2025\/11\/photo_2025-11-01_19-43-39-300x169.jpg 300w, https:\/\/hablemosclarotdf.com.ar\/wp-content\/uploads\/2025\/11\/photo_2025-11-01_19-43-39-1024x576.jpg 1024w, https:\/\/hablemosclarotdf.com.ar\/wp-content\/uploads\/2025\/11\/photo_2025-11-01_19-43-39-768x432.jpg 768w, https:\/\/hablemosclarotdf.com.ar\/wp-content\/uploads\/2025\/11\/photo_2025-11-01_19-43-39.jpg 1280w\" sizes=\"auto, (max-width: 300px) 100vw, 300px\" \/><\/p>\n","protected":false},"excerpt":{"rendered":"<p>El Ministerio de Producci\u00f3n y Ambiente, a trav\u00e9s de la Secretar\u00eda de Industria y Promoci\u00f3n&#8230;<\/p>\n","protected":false},"author":1,"featured_media":56378,"comment_status":"closed","ping_status":"closed","sticky":false,"template":"","format":"standard","meta":{"footnotes":""},"categories":[3],"tags":[],"class_list":["post-56377","post","type-post","status-publish","format-standard","has-post-thumbnail","hentry","category-noticias"],"jetpack_featured_media_url":"https:\/\/hablemosclarotdf.com.ar\/wp-content\/uploads\/2025\/11\/photo_2025-11-01_19-43-26.jpg","_links":{"self":[{"href":"https:\/\/hablemosclarotdf.com.ar\/index.php?rest_route=\/wp\/v2\/posts\/56377","targetHints":{"allow":["GET"]}}],"collection":[{"href":"https:\/\/hablemosclarotdf.com.ar\/index.php?rest_route=\/wp\/v2\/posts"}],"about":[{"href":"https:\/\/hablemosclarotdf.com.ar\/index.php?rest_route=\/wp\/v2\/types\/post"}],"author":[{"embeddable":true,"href":"https:\/\/hablemosclarotdf.com.ar\/index.php?rest_route=\/wp\/v2\/users\/1"}],"replies":[{"embeddable":true,"href":"https:\/\/hablemosclarotdf.com.ar\/index.php?rest_route=%2Fwp%2Fv2%2Fcomments&post=56377"}],"version-history":[{"count":1,"href":"https:\/\/hablemosclarotdf.com.ar\/index.php?rest_route=\/wp\/v2\/posts\/56377\/revisions"}],"predecessor-version":[{"id":56381,"href":"https:\/\/hablemosclarotdf.com.ar\/index.php?rest_route=\/wp\/v2\/posts\/56377\/revisions\/56381"}],"wp:featuredmedia":[{"embeddable":true,"href":"https:\/\/hablemosclarotdf.com.ar\/index.php?rest_route=\/wp\/v2\/media\/56378"}],"wp:attachment":[{"href":"https:\/\/hablemosclarotdf.com.ar\/index.php?rest_route=%2Fwp%2Fv2%2Fmedia&parent=56377"}],"wp:term":[{"taxonomy":"category","embeddable":true,"href":"https:\/\/hablemosclarotdf.com.ar\/index.php?rest_route=%2Fwp%2Fv2%2Fcategories&post=56377"},{"taxonomy":"post_tag","embeddable":true,"href":"https:\/\/hablemosclarotdf.com.ar\/index.php?rest_route=%2Fwp%2Fv2%2Ftags&post=56377"}],"curies":[{"name":"wp","href":"https:\/\/api.w.org\/{rel}","templated":true}]}}