{"id":56362,"date":"2025-11-01T16:21:31","date_gmt":"2025-11-01T19:21:31","guid":{"rendered":"https:\/\/hablemosclarotdf.com.ar\/?p=56362"},"modified":"2025-11-01T16:21:31","modified_gmt":"2025-11-01T19:21:31","slug":"rio-grande-el-municipio-avanza-con-educacion-vial-en-el-colegio-dr-ernesto-guevara","status":"publish","type":"post","link":"https:\/\/hablemosclarotdf.com.ar\/?p=56362","title":{"rendered":"RIO GRANDE : EL MUNICIPIO AVANZA CON EDUCACI\u00d3N VIAL EN EL COLEGIO DR. ERNESTO GUEVARA"},"content":{"rendered":"<p>El Municipio de R\u00edo Grande, a trav\u00e9s de la Secretar\u00eda de Gesti\u00f3n Ciudadana, llev\u00f3 adelante una nueva edici\u00f3n del programa \u201cJuventudes Ponen Primera\u201d, con el objetivo de promover la educaci\u00f3n vial y acompa\u00f1ar a las juventudes en la construcci\u00f3n de una movilidad segura y responsable.<\/p>\n<p>La capacitaci\u00f3n del curso te\u00f3rico para la obtenci\u00f3n de la licencia de conducir se desarroll\u00f3 del 6 al 9 de octubre y culmin\u00f3 con la instancia de examen el pasado 14 de octubre, en el Colegio Dr. Ernesto Guevara. Participaron estudiantes de los dos 6\u00b0 a\u00f1os de Bachillerato y tres 7\u00b0 a\u00f1os de la modalidad T\u00e9cnica.<\/p>\n<p>Durante las jornadas, los y las j\u00f3venes recibieron formaci\u00f3n te\u00f3rica sobre normas de tr\u00e1nsito, convivencia ciudadana y h\u00e1bitos seguros al momento de circular por la v\u00eda p\u00fablica.<\/p>\n<p>El programa es coordinado por el equipo de Educaci\u00f3n Vial del Municipio, que recorre las instituciones educativas de la ciudad brindando charlas, materiales y herramientas para fortalecer la conciencia vial desde las aulas. Quienes tienen la edad requerida y aprueban las instancias te\u00f3ricas y pr\u00e1cticas, pueden luego acceder a su licencia de conducir.<\/p>\n<p>\u201cJuventudes Ponen Primera\u201d forma parte de las pol\u00edticas p\u00fablicas impulsadas por la Secretar\u00eda de Gesti\u00f3n Ciudadana, que prioriza la educaci\u00f3n como pilar fundamental para mejorar la seguridad vial y reducir los riesgos en la v\u00eda p\u00fablica.<\/p>\n<p>Con propuestas como esta, el Municipio de R\u00edo Grande reafirma su compromiso con la formaci\u00f3n, la seguridad y el bienestar integral de las juventudes de la ciudad.<\/p>\n<p><img loading=\"lazy\" decoding=\"async\" class=\"alignnone size-medium wp-image-56364\" src=\"https:\/\/hablemosclarotdf.com.ar\/wp-content\/uploads\/2025\/11\/photo_2025-11-01_16-18-18-300x188.jpg\" alt=\"\" width=\"300\" height=\"188\" srcset=\"https:\/\/hablemosclarotdf.com.ar\/wp-content\/uploads\/2025\/11\/photo_2025-11-01_16-18-18-300x188.jpg 300w, https:\/\/hablemosclarotdf.com.ar\/wp-content\/uploads\/2025\/11\/photo_2025-11-01_16-18-18-1024x640.jpg 1024w, https:\/\/hablemosclarotdf.com.ar\/wp-content\/uploads\/2025\/11\/photo_2025-11-01_16-18-18-768x480.jpg 768w, https:\/\/hablemosclarotdf.com.ar\/wp-content\/uploads\/2025\/11\/photo_2025-11-01_16-18-18-800x500.jpg 800w, https:\/\/hablemosclarotdf.com.ar\/wp-content\/uploads\/2025\/11\/photo_2025-11-01_16-18-18-540x340.jpg 540w, https:\/\/hablemosclarotdf.com.ar\/wp-content\/uploads\/2025\/11\/photo_2025-11-01_16-18-18-400x250.jpg 400w, https:\/\/hablemosclarotdf.com.ar\/wp-content\/uploads\/2025\/11\/photo_2025-11-01_16-18-18.jpg 1280w\" sizes=\"auto, (max-width: 300px) 100vw, 300px\" \/><\/p>\n","protected":false},"excerpt":{"rendered":"<p>El Municipio de R\u00edo Grande, a trav\u00e9s de la Secretar\u00eda de Gesti\u00f3n Ciudadana, llev\u00f3 adelante&#8230;<\/p>\n","protected":false},"author":1,"featured_media":56363,"comment_status":"closed","ping_status":"closed","sticky":false,"template":"","format":"standard","meta":{"footnotes":""},"categories":[3],"tags":[],"class_list":["post-56362","post","type-post","status-publish","format-standard","has-post-thumbnail","hentry","category-noticias"],"jetpack_featured_media_url":"https:\/\/hablemosclarotdf.com.ar\/wp-content\/uploads\/2025\/11\/photo_2025-11-01_16-18-13.jpg","_links":{"self":[{"href":"https:\/\/hablemosclarotdf.com.ar\/index.php?rest_route=\/wp\/v2\/posts\/56362","targetHints":{"allow":["GET"]}}],"collection":[{"href":"https:\/\/hablemosclarotdf.com.ar\/index.php?rest_route=\/wp\/v2\/posts"}],"about":[{"href":"https:\/\/hablemosclarotdf.com.ar\/index.php?rest_route=\/wp\/v2\/types\/post"}],"author":[{"embeddable":true,"href":"https:\/\/hablemosclarotdf.com.ar\/index.php?rest_route=\/wp\/v2\/users\/1"}],"replies":[{"embeddable":true,"href":"https:\/\/hablemosclarotdf.com.ar\/index.php?rest_route=%2Fwp%2Fv2%2Fcomments&post=56362"}],"version-history":[{"count":1,"href":"https:\/\/hablemosclarotdf.com.ar\/index.php?rest_route=\/wp\/v2\/posts\/56362\/revisions"}],"predecessor-version":[{"id":56365,"href":"https:\/\/hablemosclarotdf.com.ar\/index.php?rest_route=\/wp\/v2\/posts\/56362\/revisions\/56365"}],"wp:featuredmedia":[{"embeddable":true,"href":"https:\/\/hablemosclarotdf.com.ar\/index.php?rest_route=\/wp\/v2\/media\/56363"}],"wp:attachment":[{"href":"https:\/\/hablemosclarotdf.com.ar\/index.php?rest_route=%2Fwp%2Fv2%2Fmedia&parent=56362"}],"wp:term":[{"taxonomy":"category","embeddable":true,"href":"https:\/\/hablemosclarotdf.com.ar\/index.php?rest_route=%2Fwp%2Fv2%2Fcategories&post=56362"},{"taxonomy":"post_tag","embeddable":true,"href":"https:\/\/hablemosclarotdf.com.ar\/index.php?rest_route=%2Fwp%2Fv2%2Ftags&post=56362"}],"curies":[{"name":"wp","href":"https:\/\/api.w.org\/{rel}","templated":true}]}}