{"id":56346,"date":"2025-11-01T16:01:43","date_gmt":"2025-11-01T19:01:43","guid":{"rendered":"https:\/\/hablemosclarotdf.com.ar\/?p=56346"},"modified":"2025-11-01T16:01:43","modified_gmt":"2025-11-01T19:01:43","slug":"ushuaia-defensa-civil-emite-recomendaciones-por-vientos-superiores-a-100-km-h-2","status":"publish","type":"post","link":"https:\/\/hablemosclarotdf.com.ar\/?p=56346","title":{"rendered":"USHUAIA : DEFENSA CIVIL EMITE RECOMENDACIONES POR VIENTOS SUPERIORES A 100 KM\/H"},"content":{"rendered":"<p>La Municipalidad de Ushuaia, a trav\u00e9s de la Direcci\u00f3n de Defensa Civil, informa que seg\u00fan las previsiones meteorol\u00f3gicas se esperan fuertes vientos del sector suroeste durante este fin de semana, con r\u00e1fagas que podr\u00edan superar los 100 km\/h, acompa\u00f1adas por precipitaciones de mediana intensidad.<\/p>\n<p>Ante este escenario, se solicita a vecinos y vecinas asegurar todo objeto que pueda ser desplazado por el viento, como chapas, carteles u otros elementos sueltos. Tambi\u00e9n se recomienda extremar las medidas de precauci\u00f3n al conducir, especialmente en sectores abiertos o de mayor exposici\u00f3n.<\/p>\n<p>Se recuerda la importancia de mantenerse informados a trav\u00e9s de los canales oficiales de la Municipalidad de Ushuaia y de Defensa Civil Municipal.<\/p>\n<p>En caso de emergencias, la l\u00ednea 103 de Defensa Civil est\u00e1 disponible las 24 horas.<\/p>\n<p><img loading=\"lazy\" decoding=\"async\" class=\"alignnone size-medium wp-image-56348\" src=\"https:\/\/hablemosclarotdf.com.ar\/wp-content\/uploads\/2025\/11\/photo_2025-11-01_16-00-37-300x300.jpg\" alt=\"\" width=\"300\" height=\"300\" srcset=\"https:\/\/hablemosclarotdf.com.ar\/wp-content\/uploads\/2025\/11\/photo_2025-11-01_16-00-37-300x300.jpg 300w, https:\/\/hablemosclarotdf.com.ar\/wp-content\/uploads\/2025\/11\/photo_2025-11-01_16-00-37-1024x1022.jpg 1024w, https:\/\/hablemosclarotdf.com.ar\/wp-content\/uploads\/2025\/11\/photo_2025-11-01_16-00-37-150x150.jpg 150w, https:\/\/hablemosclarotdf.com.ar\/wp-content\/uploads\/2025\/11\/photo_2025-11-01_16-00-37-768x767.jpg 768w, https:\/\/hablemosclarotdf.com.ar\/wp-content\/uploads\/2025\/11\/photo_2025-11-01_16-00-37.jpg 1280w\" sizes=\"auto, (max-width: 300px) 100vw, 300px\" \/><br \/>\n&#8212;<\/p>\n","protected":false},"excerpt":{"rendered":"<p>La Municipalidad de Ushuaia, a trav\u00e9s de la Direcci\u00f3n de Defensa Civil, informa que seg\u00fan&#8230;<\/p>\n","protected":false},"author":1,"featured_media":56347,"comment_status":"closed","ping_status":"closed","sticky":false,"template":"","format":"standard","meta":{"footnotes":""},"categories":[3],"tags":[],"class_list":["post-56346","post","type-post","status-publish","format-standard","has-post-thumbnail","hentry","category-noticias"],"jetpack_featured_media_url":"https:\/\/hablemosclarotdf.com.ar\/wp-content\/uploads\/2025\/11\/photo_2025-11-01_16-00-42.jpg","_links":{"self":[{"href":"https:\/\/hablemosclarotdf.com.ar\/index.php?rest_route=\/wp\/v2\/posts\/56346","targetHints":{"allow":["GET"]}}],"collection":[{"href":"https:\/\/hablemosclarotdf.com.ar\/index.php?rest_route=\/wp\/v2\/posts"}],"about":[{"href":"https:\/\/hablemosclarotdf.com.ar\/index.php?rest_route=\/wp\/v2\/types\/post"}],"author":[{"embeddable":true,"href":"https:\/\/hablemosclarotdf.com.ar\/index.php?rest_route=\/wp\/v2\/users\/1"}],"replies":[{"embeddable":true,"href":"https:\/\/hablemosclarotdf.com.ar\/index.php?rest_route=%2Fwp%2Fv2%2Fcomments&post=56346"}],"version-history":[{"count":1,"href":"https:\/\/hablemosclarotdf.com.ar\/index.php?rest_route=\/wp\/v2\/posts\/56346\/revisions"}],"predecessor-version":[{"id":56349,"href":"https:\/\/hablemosclarotdf.com.ar\/index.php?rest_route=\/wp\/v2\/posts\/56346\/revisions\/56349"}],"wp:featuredmedia":[{"embeddable":true,"href":"https:\/\/hablemosclarotdf.com.ar\/index.php?rest_route=\/wp\/v2\/media\/56347"}],"wp:attachment":[{"href":"https:\/\/hablemosclarotdf.com.ar\/index.php?rest_route=%2Fwp%2Fv2%2Fmedia&parent=56346"}],"wp:term":[{"taxonomy":"category","embeddable":true,"href":"https:\/\/hablemosclarotdf.com.ar\/index.php?rest_route=%2Fwp%2Fv2%2Fcategories&post=56346"},{"taxonomy":"post_tag","embeddable":true,"href":"https:\/\/hablemosclarotdf.com.ar\/index.php?rest_route=%2Fwp%2Fv2%2Ftags&post=56346"}],"curies":[{"name":"wp","href":"https:\/\/api.w.org\/{rel}","templated":true}]}}