{"id":56318,"date":"2025-11-01T14:02:29","date_gmt":"2025-11-01T17:02:29","guid":{"rendered":"https:\/\/hablemosclarotdf.com.ar\/?p=56318"},"modified":"2025-11-01T14:02:29","modified_gmt":"2025-11-01T17:02:29","slug":"se-invita-a-empresas-y-emprendedores-al-taller-abierto-sobre-kaizen-y-productividad","status":"publish","type":"post","link":"https:\/\/hablemosclarotdf.com.ar\/?p=56318","title":{"rendered":"SE INVITA A EMPRESAS Y EMPRENDEDORES AL TALLER ABIERTO SOBRE \u201cKAIZEN Y PRODUCTIVIDAD\u201d"},"content":{"rendered":"<p>En el marco del Programa de Asistencia T\u00e9cnica para la Mejora de Procesos Productivos que lleva adelante el Ministerio de Producci\u00f3n y Ambiente, se invita a la comunidad MiPyME al tercer taller abierto sobre &#8220;Kaizen y Productividad&#8221;.<\/p>\n<p>Este encuentro est\u00e1 dirigido especialmente a empresas y emprendedores de todos los sectores interesados en mejorar su eficiencia operativa, reducir costos y aumentar la productividad de manera sostenida.<\/p>\n<p>\u00bfQu\u00e9 es Kaizen? Kaizen es una filosof\u00eda de gesti\u00f3n japonesa que significa &#8220;mejora continua&#8221;. Se basa en la realizaci\u00f3n de peque\u00f1os cambios graduales y constantes en todos los aspectos de la organizaci\u00f3n, que, sumados, generan grandes resultados a largo plazo.<\/p>\n<p>Actualmente, seis empresas se encuentran recibiendo asistencia t\u00e9cnica personalizada, aplicando herramientas de gesti\u00f3n organizativa.<\/p>\n<p>El primer encuentro de capacitaci\u00f3n realizado en junio pasado, centr\u00f3 la din\u00e1mica en el conocimiento y uso de la metodolog\u00eda 5S aplicada a MiPyMEs, mientras que en el mes de agosto se brind\u00f3 el segundo taller centrado en el rol del empresario o gerente en las PyMEs y la necesidad de delegar.<\/p>\n<p>El pr\u00f3ximo taller abordar\u00e1 una introducci\u00f3n a la filosof\u00eda de mejora continua; pasos para implementar el m\u00e9todo; definici\u00f3n clara de qu\u00e9 se quiere mejorar; c\u00f3mo encontrar el origen real de los problemas; planteo, planificaci\u00f3n y medici\u00f3n de acciones correctivas y estandarizaci\u00f3n.<\/p>\n<p>El taller tendr\u00e1 lugar el viernes 7 de noviembre, de 14 a 16 horas, en las instalaciones de Imprenta Formas, ubicada en Rogelio P\u00e9rez Quintana 1653, en la ciudad de Ushuaia. La entrada es gratuita.<\/p>\n<p>Los interesados en participar pueden inscribirse en el siguiente formulario, para asegurar su lugar:<br \/>\nhttps:\/\/forms.gle\/UnMjgMNni5hhf6Vb8<\/p>\n","protected":false},"excerpt":{"rendered":"<p>En el marco del Programa de Asistencia T\u00e9cnica para la Mejora de Procesos Productivos que&#8230;<\/p>\n","protected":false},"author":1,"featured_media":56319,"comment_status":"closed","ping_status":"closed","sticky":false,"template":"","format":"standard","meta":{"footnotes":""},"categories":[3],"tags":[],"class_list":["post-56318","post","type-post","status-publish","format-standard","has-post-thumbnail","hentry","category-noticias"],"jetpack_featured_media_url":"https:\/\/hablemosclarotdf.com.ar\/wp-content\/uploads\/2025\/11\/photo_2025-11-01_14-00-26.jpg","_links":{"self":[{"href":"https:\/\/hablemosclarotdf.com.ar\/index.php?rest_route=\/wp\/v2\/posts\/56318","targetHints":{"allow":["GET"]}}],"collection":[{"href":"https:\/\/hablemosclarotdf.com.ar\/index.php?rest_route=\/wp\/v2\/posts"}],"about":[{"href":"https:\/\/hablemosclarotdf.com.ar\/index.php?rest_route=\/wp\/v2\/types\/post"}],"author":[{"embeddable":true,"href":"https:\/\/hablemosclarotdf.com.ar\/index.php?rest_route=\/wp\/v2\/users\/1"}],"replies":[{"embeddable":true,"href":"https:\/\/hablemosclarotdf.com.ar\/index.php?rest_route=%2Fwp%2Fv2%2Fcomments&post=56318"}],"version-history":[{"count":1,"href":"https:\/\/hablemosclarotdf.com.ar\/index.php?rest_route=\/wp\/v2\/posts\/56318\/revisions"}],"predecessor-version":[{"id":56320,"href":"https:\/\/hablemosclarotdf.com.ar\/index.php?rest_route=\/wp\/v2\/posts\/56318\/revisions\/56320"}],"wp:featuredmedia":[{"embeddable":true,"href":"https:\/\/hablemosclarotdf.com.ar\/index.php?rest_route=\/wp\/v2\/media\/56319"}],"wp:attachment":[{"href":"https:\/\/hablemosclarotdf.com.ar\/index.php?rest_route=%2Fwp%2Fv2%2Fmedia&parent=56318"}],"wp:term":[{"taxonomy":"category","embeddable":true,"href":"https:\/\/hablemosclarotdf.com.ar\/index.php?rest_route=%2Fwp%2Fv2%2Fcategories&post=56318"},{"taxonomy":"post_tag","embeddable":true,"href":"https:\/\/hablemosclarotdf.com.ar\/index.php?rest_route=%2Fwp%2Fv2%2Ftags&post=56318"}],"curies":[{"name":"wp","href":"https:\/\/api.w.org\/{rel}","templated":true}]}}