{"id":56306,"date":"2025-11-01T13:02:02","date_gmt":"2025-11-01T16:02:02","guid":{"rendered":"https:\/\/hablemosclarotdf.com.ar\/?p=56306"},"modified":"2025-11-01T13:02:02","modified_gmt":"2025-11-01T16:02:02","slug":"rfio-grande-este-fin-de-semana-la-casa-de-la-cultura-vivira-el-pre-cosquin-2026","status":"publish","type":"post","link":"https:\/\/hablemosclarotdf.com.ar\/?p=56306","title":{"rendered":"RFIO GRANDE : ESTE FIN DE SEMANA, LA CASA DE LA CULTURA VIVIR\u00c1 EL PRE COSQU\u00cdN 2026"},"content":{"rendered":"<p>El evento se realizar\u00e1 este s\u00e1bado 1\u00b0 y domingo 2 de noviembre, a las 19 horas, en la Casa de la Cultura (Elcano 179). Una vez finalizado, los y las artistas de la regi\u00f3n que pasen esta ronda participar\u00e1n en el festival mayor del folklore en C\u00f3rdoba.<\/p>\n<p>El Municipio de R\u00edo Grande invita a las vecinas y vecinos a disfrutar de este importante evento en su etapa preliminar que se llevar\u00e1 adelante este fin de semana.<\/p>\n<p>El s\u00e1bado se presentar\u00e1n las y los artistas del rubro m\u00fasica, mientras que el domingo har\u00e1n lo propio bailarinas y bailarines de la regi\u00f3n. Adem\u00e1s, contar\u00e1 con la presencia de un jurado de amplia y reconocida trayectoria en el mundo de la danza como de la m\u00fasica folkl\u00f3rica y con un veedor que fiscalizar\u00e1 por parte del Festival.<\/p>\n<p>Como en ediciones anteriores, a los y las ganadoras que viajen a Cosqu\u00edn se les ofrecer\u00e1 alojamiento en un hotel que dispone de sala de ensayo, comidas, seguro m\u00e9dico y personal que se encargar\u00e1 exclusivamente de su acreditaci\u00f3n.<\/p>\n","protected":false},"excerpt":{"rendered":"<p>El evento se realizar\u00e1 este s\u00e1bado 1\u00b0 y domingo 2 de noviembre, a las 19&#8230;<\/p>\n","protected":false},"author":1,"featured_media":56307,"comment_status":"closed","ping_status":"closed","sticky":false,"template":"","format":"standard","meta":{"footnotes":""},"categories":[3],"tags":[],"class_list":["post-56306","post","type-post","status-publish","format-standard","has-post-thumbnail","hentry","category-noticias"],"jetpack_featured_media_url":"https:\/\/hablemosclarotdf.com.ar\/wp-content\/uploads\/2025\/11\/photo_2025-11-01_13-01-29.jpg","_links":{"self":[{"href":"https:\/\/hablemosclarotdf.com.ar\/index.php?rest_route=\/wp\/v2\/posts\/56306","targetHints":{"allow":["GET"]}}],"collection":[{"href":"https:\/\/hablemosclarotdf.com.ar\/index.php?rest_route=\/wp\/v2\/posts"}],"about":[{"href":"https:\/\/hablemosclarotdf.com.ar\/index.php?rest_route=\/wp\/v2\/types\/post"}],"author":[{"embeddable":true,"href":"https:\/\/hablemosclarotdf.com.ar\/index.php?rest_route=\/wp\/v2\/users\/1"}],"replies":[{"embeddable":true,"href":"https:\/\/hablemosclarotdf.com.ar\/index.php?rest_route=%2Fwp%2Fv2%2Fcomments&post=56306"}],"version-history":[{"count":1,"href":"https:\/\/hablemosclarotdf.com.ar\/index.php?rest_route=\/wp\/v2\/posts\/56306\/revisions"}],"predecessor-version":[{"id":56308,"href":"https:\/\/hablemosclarotdf.com.ar\/index.php?rest_route=\/wp\/v2\/posts\/56306\/revisions\/56308"}],"wp:featuredmedia":[{"embeddable":true,"href":"https:\/\/hablemosclarotdf.com.ar\/index.php?rest_route=\/wp\/v2\/media\/56307"}],"wp:attachment":[{"href":"https:\/\/hablemosclarotdf.com.ar\/index.php?rest_route=%2Fwp%2Fv2%2Fmedia&parent=56306"}],"wp:term":[{"taxonomy":"category","embeddable":true,"href":"https:\/\/hablemosclarotdf.com.ar\/index.php?rest_route=%2Fwp%2Fv2%2Fcategories&post=56306"},{"taxonomy":"post_tag","embeddable":true,"href":"https:\/\/hablemosclarotdf.com.ar\/index.php?rest_route=%2Fwp%2Fv2%2Ftags&post=56306"}],"curies":[{"name":"wp","href":"https:\/\/api.w.org\/{rel}","templated":true}]}}