{"id":56302,"date":"2025-11-01T12:59:44","date_gmt":"2025-11-01T15:59:44","guid":{"rendered":"https:\/\/hablemosclarotdf.com.ar\/?p=56302"},"modified":"2025-11-01T12:59:44","modified_gmt":"2025-11-01T15:59:44","slug":"rio-grande-el-municipio-y-las-fuerzas-de-seguridad-coordinan-el-operativo-para-la-serenata-estudiantil-2025","status":"publish","type":"post","link":"https:\/\/hablemosclarotdf.com.ar\/?p=56302","title":{"rendered":"RIO GRANDE : EL MUNICIPIO Y LAS FUERZAS DE SEGURIDAD COORDINAN EL OPERATIVO PARA LA SERENATA ESTUDIANTIL 2025"},"content":{"rendered":"<p>Con el objetivo de garantizar una celebraci\u00f3n segura y responsable, el Municipio de R\u00edo Grande llev\u00f3 adelante una reuni\u00f3n de coordinaci\u00f3n con las distintas fuerzas de seguridad y organismos que participar\u00e1n del operativo durante las cuatro noches de la Serenata Estudiantil 2025, que se desarrollar\u00e1 a partir del pr\u00f3ximo 3 de noviembre en el Cono de Sombra.<\/p>\n<p>Durante la reuni\u00f3n se definieron los principales lineamientos del Operativo de Seguridad Ciudadana, que estar\u00e1 encabezado por Defensa Civil, con el acompa\u00f1amiento de las diferentes \u00e1reas municipales y fuerzas de seguridad. El dispositivo contempla un amplio despliegue de servidores p\u00fablicos y equipamiento, con el fin de cuidar la integridad de los j\u00f3venes y garantizar el normal desarrollo del evento.<\/p>\n<p>De la Serenata Estudiantil participar\u00e1n Defensa Civil Municipal, Gendarmer\u00eda Nacional, Polic\u00eda Federal, personal de Admisi\u00f3n y Permanencia, Direcci\u00f3n de Tr\u00e1nsito y Medical Sur.<\/p>\n<p>Entre las medidas previstas se incluyen controles de ingreso y egreso, vigilancia permanente mediante c\u00e1maras, presencia de personal sanitario, puestos de hidrataci\u00f3n y un trabajo coordinado de tr\u00e1nsito en los alrededores del predio. Adem\u00e1s, el per\u00edmetro del Cono de Sombra ser\u00e1 completamente vallado y supervisado, permitiendo el acceso exclusivo de los estudiantes previamente registrados.<\/p>\n<p>\u201cDesde el Municipio de R\u00edo Grande estamos trabajando para que esta nueva edici\u00f3n de la Serenata Estudiantil se desarrolle con la m\u00e1xima precauci\u00f3n y con todas las medidas de seguridad, tanto internas como externas\u201d, destac\u00f3 Sebasti\u00e1n \u00c1guila, director de Defensa Civil.<\/p>\n<p>En tal marco, se\u00f1al\u00f3 que: \u201ccoordinamos acciones con las fuerzas federales, los sistemas sanitarios y los controles de tr\u00e1nsito, priorizando en todo momento el bienestar y el cuidado de los adolescentes que participar\u00e1n de las jornadas\u201d.<\/p>\n<p>Finalmente, declar\u00f3 que: \u201ceste trabajo articulado, que involucra a m\u00e1s de 150 trabajadores y trabajadoras municipales, refuerza el compromiso del Municipio con la seguridad ciudadana, la prevenci\u00f3n y la organizaci\u00f3n responsable de los eventos masivos\u201d.<\/p>\n<p>Estas acciones refuerzan el compromiso del Municipio de R\u00edo Grande con la prevenci\u00f3n, el cuidado y la seguridad de las juventudes, en el marco de una de las celebraciones m\u00e1s esperadas del a\u00f1o. A trav\u00e9s del trabajo articulado entre las distintas instituciones, se busca que las y los estudiantes disfruten de su fiesta de manera segura, organizada y responsable, en un entorno preparado para su bienestar.<\/p>\n<p>&nbsp;<\/p>\n<p><img loading=\"lazy\" decoding=\"async\" class=\"alignnone size-medium wp-image-56304\" src=\"https:\/\/hablemosclarotdf.com.ar\/wp-content\/uploads\/2025\/11\/photo_2025-11-01_12-58-20-300x200.jpg\" alt=\"\" width=\"300\" height=\"200\" srcset=\"https:\/\/hablemosclarotdf.com.ar\/wp-content\/uploads\/2025\/11\/photo_2025-11-01_12-58-20-300x200.jpg 300w, https:\/\/hablemosclarotdf.com.ar\/wp-content\/uploads\/2025\/11\/photo_2025-11-01_12-58-20-1024x682.jpg 1024w, https:\/\/hablemosclarotdf.com.ar\/wp-content\/uploads\/2025\/11\/photo_2025-11-01_12-58-20-768x512.jpg 768w, https:\/\/hablemosclarotdf.com.ar\/wp-content\/uploads\/2025\/11\/photo_2025-11-01_12-58-20.jpg 1280w\" sizes=\"auto, (max-width: 300px) 100vw, 300px\" \/><\/p>\n","protected":false},"excerpt":{"rendered":"<p>Con el objetivo de garantizar una celebraci\u00f3n segura y responsable, el Municipio de R\u00edo Grande&#8230;<\/p>\n","protected":false},"author":1,"featured_media":56303,"comment_status":"closed","ping_status":"closed","sticky":false,"template":"","format":"standard","meta":{"footnotes":""},"categories":[3],"tags":[],"class_list":["post-56302","post","type-post","status-publish","format-standard","has-post-thumbnail","hentry","category-noticias"],"jetpack_featured_media_url":"https:\/\/hablemosclarotdf.com.ar\/wp-content\/uploads\/2025\/11\/photo_2025-11-01_12-58-10.jpg","_links":{"self":[{"href":"https:\/\/hablemosclarotdf.com.ar\/index.php?rest_route=\/wp\/v2\/posts\/56302","targetHints":{"allow":["GET"]}}],"collection":[{"href":"https:\/\/hablemosclarotdf.com.ar\/index.php?rest_route=\/wp\/v2\/posts"}],"about":[{"href":"https:\/\/hablemosclarotdf.com.ar\/index.php?rest_route=\/wp\/v2\/types\/post"}],"author":[{"embeddable":true,"href":"https:\/\/hablemosclarotdf.com.ar\/index.php?rest_route=\/wp\/v2\/users\/1"}],"replies":[{"embeddable":true,"href":"https:\/\/hablemosclarotdf.com.ar\/index.php?rest_route=%2Fwp%2Fv2%2Fcomments&post=56302"}],"version-history":[{"count":1,"href":"https:\/\/hablemosclarotdf.com.ar\/index.php?rest_route=\/wp\/v2\/posts\/56302\/revisions"}],"predecessor-version":[{"id":56305,"href":"https:\/\/hablemosclarotdf.com.ar\/index.php?rest_route=\/wp\/v2\/posts\/56302\/revisions\/56305"}],"wp:featuredmedia":[{"embeddable":true,"href":"https:\/\/hablemosclarotdf.com.ar\/index.php?rest_route=\/wp\/v2\/media\/56303"}],"wp:attachment":[{"href":"https:\/\/hablemosclarotdf.com.ar\/index.php?rest_route=%2Fwp%2Fv2%2Fmedia&parent=56302"}],"wp:term":[{"taxonomy":"category","embeddable":true,"href":"https:\/\/hablemosclarotdf.com.ar\/index.php?rest_route=%2Fwp%2Fv2%2Fcategories&post=56302"},{"taxonomy":"post_tag","embeddable":true,"href":"https:\/\/hablemosclarotdf.com.ar\/index.php?rest_route=%2Fwp%2Fv2%2Ftags&post=56302"}],"curies":[{"name":"wp","href":"https:\/\/api.w.org\/{rel}","templated":true}]}}