{"id":56271,"date":"2025-10-31T22:32:25","date_gmt":"2025-11-01T01:32:25","guid":{"rendered":"https:\/\/hablemosclarotdf.com.ar\/?p=56271"},"modified":"2025-10-31T22:32:25","modified_gmt":"2025-11-01T01:32:25","slug":"se-realizo-el-relevamiento-provincial-de-perros-sueltos-un-paso-clave-para-fortalecer-el-cuidado-responsable","status":"publish","type":"post","link":"https:\/\/hablemosclarotdf.com.ar\/?p=56271","title":{"rendered":"SE REALIZ\u00d3 EL RELEVAMIENTO PROVINCIAL DE PERROS SUELTOS, UN PASO CLAVE PARA FORTALECER EL CUIDADO RESPONSABLE"},"content":{"rendered":"<p>Entre octubre y diciembre de 2024 se llev\u00f3 adelante un relevamiento simult\u00e1neo de perros sueltos o de vida libre en las ciudades de Ushuaia, Tolhuin y R\u00edo Grande impulsado por el Comit\u00e9 de Seguimiento del Plan para el Manejo de las Poblaciones de Perros. El estudio fue realizado por el CADIC-CONICET en conjunto con la Secretar\u00eda de Ambiente de la provincia y las \u00e1reas de zoonosis municipales.<\/p>\n<p>El trabajo, basado en la metodolog\u00eda de captura-recaptura fotogr\u00e1fica, permiti\u00f3 estimar con mayor precisi\u00f3n la cantidad de perros que circulan sin supervisi\u00f3n en las calles, corrigiendo la subestimaci\u00f3n habitual de los conteos tradicionales. Esta metodolog\u00eda que incorpora el c\u00e1lculo de la probabilidad de detecci\u00f3n, aporta datos confiables que servir\u00e1n como l\u00ednea de base para monitorear el impacto de las pol\u00edticas p\u00fablicas de control poblacional y de promoci\u00f3n del cuidado responsable.<\/p>\n<p>Los resultados estimaron 8.484 perros sueltos en Ushuaia, 2.888 en Tolhuin y 14.361 en R\u00edo Grande. En todos los casos las cifras reflejan el n\u00famero de animales que podr\u00edan encontrarse sueltos en distintos momentos del d\u00eda, considerando un rango de incertidumbre estad\u00edstica. Esto significa que los valores no deben interpretarse como cifras exactas, sino como estimaciones basadas en evidencia cient\u00edfica que permiten evaluar tendencias y medir el efecto de las pol\u00edticas aplicadas en el tiempo.<\/p>\n<p>\u201cEste relevamiento es un esfuerzo t\u00e9cnico y coordinado que nos permite comprender mejor la din\u00e1mica de los perros de vida libre en Tierra del Fuego. Lo importante no es el n\u00famero puntual, sino poder medir la evoluci\u00f3n en el tiempo y evaluar la efectividad de las pol\u00edticas implementadas\u201d, explic\u00f3 el Dr. Adri\u00e1n Schiavini, investigador del CADIC-CONICET y uno de los responsables del estudio.<\/p>\n<p>Por su parte, la Directora General de Biodiversidad y Conservaci\u00f3n, Mar\u00eda Luisa Carranza, destac\u00f3 la importancia de la informaci\u00f3n generada, \u201ccontar con estos datos nos permite orientar las acciones desde una mirada integral. El manejo responsable de las mascotas no s\u00f3lo mejora la convivencia urbana, sino que tambi\u00e9n protege la fauna silvestre, la salud p\u00fablica y el equilibrio ambiental. Cuidar a nuestros perros es, en definitiva, cuidar el entorno que compartimos\u201d.<\/p>\n<p>Adem\u00e1s, desde la Secretar\u00eda de Ambiente se\u00f1alaron que comprender y reducir la presencia de perros sueltos en zonas urbanas es clave para prevenir su desplazamiento hacia \u00e1reas rurales o naturales, donde pueden transformarse en perros asilvestrados y afectar la fauna nativa y la producci\u00f3n local.<\/p>\n<p>Este relevamiento se enmarca en la campa\u00f1a \u201cCuid\u00e1 a tu perro, cuidemos el ambiente\u201d, que busca promover el compromiso ciudadano en torno a la tenencia responsable, el respeto por el espacio p\u00fablico y la protecci\u00f3n de la biodiversidad.<\/p>\n<p>M\u00e1s informaci\u00f3n:<\/p>\n<blockquote class=\"wp-embedded-content\" data-secret=\"BmIk8NKw95\"><p><a href=\"https:\/\/prodyambiente.tierradelfuego.gob.ar\/programa-de-manejo-de-poblaciones-de-perros\/\">Programa de Manejo de Poblaciones de Perros<\/a><\/p><\/blockquote>\n<p><iframe loading=\"lazy\" class=\"wp-embedded-content\" sandbox=\"allow-scripts\" security=\"restricted\" style=\"position: absolute; visibility: hidden;\" title=\"&#8220;Programa de Manejo de Poblaciones de Perros&#8221; &#8212; Ministerio de Producci\u00f3n y Ambiente\" src=\"https:\/\/prodyambiente.tierradelfuego.gob.ar\/programa-de-manejo-de-poblaciones-de-perros\/embed\/#?secret=MVPu09UwDu#?secret=BmIk8NKw95\" data-secret=\"BmIk8NKw95\" width=\"600\" height=\"338\" frameborder=\"0\" marginwidth=\"0\" marginheight=\"0\" scrolling=\"no\"><\/iframe><\/p>\n<p><img loading=\"lazy\" decoding=\"async\" class=\"alignnone size-medium wp-image-56273\" src=\"https:\/\/hablemosclarotdf.com.ar\/wp-content\/uploads\/2025\/10\/photo_2025-10-31_22-31-09-300x212.jpg\" alt=\"\" width=\"300\" height=\"212\" srcset=\"https:\/\/hablemosclarotdf.com.ar\/wp-content\/uploads\/2025\/10\/photo_2025-10-31_22-31-09-300x212.jpg 300w, https:\/\/hablemosclarotdf.com.ar\/wp-content\/uploads\/2025\/10\/photo_2025-10-31_22-31-09-1024x724.jpg 1024w, https:\/\/hablemosclarotdf.com.ar\/wp-content\/uploads\/2025\/10\/photo_2025-10-31_22-31-09-768x543.jpg 768w, https:\/\/hablemosclarotdf.com.ar\/wp-content\/uploads\/2025\/10\/photo_2025-10-31_22-31-09.jpg 1280w\" sizes=\"auto, (max-width: 300px) 100vw, 300px\" \/> <img loading=\"lazy\" decoding=\"async\" class=\"alignnone size-medium wp-image-56274\" src=\"https:\/\/hablemosclarotdf.com.ar\/wp-content\/uploads\/2025\/10\/photo_2025-10-31_22-31-13-300x201.jpg\" alt=\"\" width=\"300\" height=\"201\" srcset=\"https:\/\/hablemosclarotdf.com.ar\/wp-content\/uploads\/2025\/10\/photo_2025-10-31_22-31-13-300x201.jpg 300w, https:\/\/hablemosclarotdf.com.ar\/wp-content\/uploads\/2025\/10\/photo_2025-10-31_22-31-13-1024x685.jpg 1024w, https:\/\/hablemosclarotdf.com.ar\/wp-content\/uploads\/2025\/10\/photo_2025-10-31_22-31-13-768x514.jpg 768w, https:\/\/hablemosclarotdf.com.ar\/wp-content\/uploads\/2025\/10\/photo_2025-10-31_22-31-13.jpg 1280w\" sizes=\"auto, (max-width: 300px) 100vw, 300px\" \/> <img loading=\"lazy\" decoding=\"async\" class=\"alignnone size-medium wp-image-56275\" src=\"https:\/\/hablemosclarotdf.com.ar\/wp-content\/uploads\/2025\/10\/photo_2025-10-31_22-31-17-300x201.jpg\" alt=\"\" width=\"300\" height=\"201\" srcset=\"https:\/\/hablemosclarotdf.com.ar\/wp-content\/uploads\/2025\/10\/photo_2025-10-31_22-31-17-300x201.jpg 300w, https:\/\/hablemosclarotdf.com.ar\/wp-content\/uploads\/2025\/10\/photo_2025-10-31_22-31-17-1024x685.jpg 1024w, https:\/\/hablemosclarotdf.com.ar\/wp-content\/uploads\/2025\/10\/photo_2025-10-31_22-31-17-768x514.jpg 768w, https:\/\/hablemosclarotdf.com.ar\/wp-content\/uploads\/2025\/10\/photo_2025-10-31_22-31-17.jpg 1280w\" sizes=\"auto, (max-width: 300px) 100vw, 300px\" \/><\/p>\n","protected":false},"excerpt":{"rendered":"<p>Entre octubre y diciembre de 2024 se llev\u00f3 adelante un relevamiento simult\u00e1neo de perros sueltos&#8230;<\/p>\n","protected":false},"author":1,"featured_media":56272,"comment_status":"closed","ping_status":"closed","sticky":false,"template":"","format":"standard","meta":{"footnotes":""},"categories":[3],"tags":[],"class_list":["post-56271","post","type-post","status-publish","format-standard","has-post-thumbnail","hentry","category-noticias"],"jetpack_featured_media_url":"https:\/\/hablemosclarotdf.com.ar\/wp-content\/uploads\/2025\/10\/photo_2025-10-31_22-31-05.jpg","_links":{"self":[{"href":"https:\/\/hablemosclarotdf.com.ar\/index.php?rest_route=\/wp\/v2\/posts\/56271","targetHints":{"allow":["GET"]}}],"collection":[{"href":"https:\/\/hablemosclarotdf.com.ar\/index.php?rest_route=\/wp\/v2\/posts"}],"about":[{"href":"https:\/\/hablemosclarotdf.com.ar\/index.php?rest_route=\/wp\/v2\/types\/post"}],"author":[{"embeddable":true,"href":"https:\/\/hablemosclarotdf.com.ar\/index.php?rest_route=\/wp\/v2\/users\/1"}],"replies":[{"embeddable":true,"href":"https:\/\/hablemosclarotdf.com.ar\/index.php?rest_route=%2Fwp%2Fv2%2Fcomments&post=56271"}],"version-history":[{"count":1,"href":"https:\/\/hablemosclarotdf.com.ar\/index.php?rest_route=\/wp\/v2\/posts\/56271\/revisions"}],"predecessor-version":[{"id":56276,"href":"https:\/\/hablemosclarotdf.com.ar\/index.php?rest_route=\/wp\/v2\/posts\/56271\/revisions\/56276"}],"wp:featuredmedia":[{"embeddable":true,"href":"https:\/\/hablemosclarotdf.com.ar\/index.php?rest_route=\/wp\/v2\/media\/56272"}],"wp:attachment":[{"href":"https:\/\/hablemosclarotdf.com.ar\/index.php?rest_route=%2Fwp%2Fv2%2Fmedia&parent=56271"}],"wp:term":[{"taxonomy":"category","embeddable":true,"href":"https:\/\/hablemosclarotdf.com.ar\/index.php?rest_route=%2Fwp%2Fv2%2Fcategories&post=56271"},{"taxonomy":"post_tag","embeddable":true,"href":"https:\/\/hablemosclarotdf.com.ar\/index.php?rest_route=%2Fwp%2Fv2%2Ftags&post=56271"}],"curies":[{"name":"wp","href":"https:\/\/api.w.org\/{rel}","templated":true}]}}