{"id":56268,"date":"2025-10-31T22:29:35","date_gmt":"2025-11-01T01:29:35","guid":{"rendered":"https:\/\/hablemosclarotdf.com.ar\/?p=56268"},"modified":"2025-10-31T22:29:35","modified_gmt":"2025-11-01T01:29:35","slug":"rio-grande-alerta-meteorologica-por-fuertes-vientos-para-este-sabado","status":"publish","type":"post","link":"https:\/\/hablemosclarotdf.com.ar\/?p=56268","title":{"rendered":"RIO GRANDE :ALERTA METEOROL\u00d3GICA POR FUERTES VIENTOS PARA ESTE S\u00c1BADO"},"content":{"rendered":"<p>El Municipio de R\u00edo Grande informa a la comunidad que, este s\u00e1bado 1\u00b0 de noviembre, regir\u00e1 una alerta amarilla por vientos fuertes emitida por el Servicio Meteorol\u00f3gico Nacional. R\u00edo Grande se ver\u00e1 afectada por r\u00e1fagas que podr\u00edan superar los 80 km\/h; las mismas comenzar\u00e1n a partir del mediod\u00eda.<\/p>\n<p>En virtud de esta contingencia clim\u00e1tica, se recomienda a las vecinas y vecinos circular con precauci\u00f3n; asegurar los elementos de su propiedad y respetar los horarios de recolecci\u00f3n de residuos para evitar situaciones de peligro.<\/p>\n<p>Asimismo, se solicita que aquellas actividades propuestas a realizar al aire libre se desarrollen en espacios cerrados para mayor cuidado.<\/p>\n<p>Ante cualquier inconveniente y\/o emergencia pueden comunicarse con Defensa Civil Municipal mediante la l\u00ednea 103 de emergencia.<\/p>\n","protected":false},"excerpt":{"rendered":"<p>El Municipio de R\u00edo Grande informa a la comunidad que, este s\u00e1bado 1\u00b0 de noviembre,&#8230;<\/p>\n","protected":false},"author":1,"featured_media":56269,"comment_status":"closed","ping_status":"closed","sticky":false,"template":"","format":"standard","meta":{"footnotes":""},"categories":[3],"tags":[],"class_list":["post-56268","post","type-post","status-publish","format-standard","has-post-thumbnail","hentry","category-noticias"],"jetpack_featured_media_url":"https:\/\/hablemosclarotdf.com.ar\/wp-content\/uploads\/2025\/10\/photo_2025-10-31_22-29-04.jpg","_links":{"self":[{"href":"https:\/\/hablemosclarotdf.com.ar\/index.php?rest_route=\/wp\/v2\/posts\/56268","targetHints":{"allow":["GET"]}}],"collection":[{"href":"https:\/\/hablemosclarotdf.com.ar\/index.php?rest_route=\/wp\/v2\/posts"}],"about":[{"href":"https:\/\/hablemosclarotdf.com.ar\/index.php?rest_route=\/wp\/v2\/types\/post"}],"author":[{"embeddable":true,"href":"https:\/\/hablemosclarotdf.com.ar\/index.php?rest_route=\/wp\/v2\/users\/1"}],"replies":[{"embeddable":true,"href":"https:\/\/hablemosclarotdf.com.ar\/index.php?rest_route=%2Fwp%2Fv2%2Fcomments&post=56268"}],"version-history":[{"count":1,"href":"https:\/\/hablemosclarotdf.com.ar\/index.php?rest_route=\/wp\/v2\/posts\/56268\/revisions"}],"predecessor-version":[{"id":56270,"href":"https:\/\/hablemosclarotdf.com.ar\/index.php?rest_route=\/wp\/v2\/posts\/56268\/revisions\/56270"}],"wp:featuredmedia":[{"embeddable":true,"href":"https:\/\/hablemosclarotdf.com.ar\/index.php?rest_route=\/wp\/v2\/media\/56269"}],"wp:attachment":[{"href":"https:\/\/hablemosclarotdf.com.ar\/index.php?rest_route=%2Fwp%2Fv2%2Fmedia&parent=56268"}],"wp:term":[{"taxonomy":"category","embeddable":true,"href":"https:\/\/hablemosclarotdf.com.ar\/index.php?rest_route=%2Fwp%2Fv2%2Fcategories&post=56268"},{"taxonomy":"post_tag","embeddable":true,"href":"https:\/\/hablemosclarotdf.com.ar\/index.php?rest_route=%2Fwp%2Fv2%2Ftags&post=56268"}],"curies":[{"name":"wp","href":"https:\/\/api.w.org\/{rel}","templated":true}]}}