{"id":56251,"date":"2025-10-31T22:22:21","date_gmt":"2025-11-01T01:22:21","guid":{"rendered":"https:\/\/hablemosclarotdf.com.ar\/?p=56251"},"modified":"2025-10-31T22:22:21","modified_gmt":"2025-11-01T01:22:21","slug":"ushuaia-la-municipalidad-invita-a-la-expo-emprendiendomercado-concentrador","status":"publish","type":"post","link":"https:\/\/hablemosclarotdf.com.ar\/?p=56251","title":{"rendered":"USHUAIA : LA MUNICIPALIDAD INVITA A LA \u201cEXPO EMPRENDIENDO+MERCADO CONCENTRADOR\u201d"},"content":{"rendered":"<p>La Municipalidad de Ushuaia a trav\u00e9s de la Secretar\u00eda de Pol\u00edticas Sociales, Sanitarias y Derechos Humanos, invita a la comunidad a participar de una nueva edici\u00f3n de la Expo Emprendiendo + Mercado Concentrador, que se desarrollar\u00e1 los d\u00edas s\u00e1bado 8 y domingo 9 de noviembre en el Microestadio \u201cCochocho Vargas\u201d.<\/p>\n<p>La propuesta reunir\u00e1 a emprendedores, emprendedoras y cooperativas locales en un gran espacio de encuentro, con el objetivo de fortalecer los circuitos de comercializaci\u00f3n, promover el consumo interno y visibilizar el trabajo de quienes producen en la ciudad.<\/p>\n<p>Durante ambas jornadas, los vecinos y vecinas podr\u00e1n disfrutar de una amplia variedad de productos elaborados en Ushuaia, entre los que se destacan alimentos, textiles, artesan\u00edas, cosm\u00e9tica natural, plantas, bijouterie y m\u00e1s, acompa\u00f1ados de un ambiente familiar y comunitario.<\/p>\n<p>Desde el \u00e1rea indicaron que \u201cla Expo Emprendiendo + Mercado Concentrador se consolida a\u00f1o a a\u00f1o como un espacio de participaci\u00f3n e intercambio que impulsa la econom\u00eda social y el trabajo autogestivo, generando v\u00ednculos entre quienes producen y quienes consumen localmente\u201d.<\/p>\n","protected":false},"excerpt":{"rendered":"<p>La Municipalidad de Ushuaia a trav\u00e9s de la Secretar\u00eda de Pol\u00edticas Sociales, Sanitarias y Derechos&#8230;<\/p>\n","protected":false},"author":1,"featured_media":56252,"comment_status":"closed","ping_status":"closed","sticky":false,"template":"","format":"standard","meta":{"footnotes":""},"categories":[3],"tags":[],"class_list":["post-56251","post","type-post","status-publish","format-standard","has-post-thumbnail","hentry","category-noticias"],"jetpack_featured_media_url":"https:\/\/hablemosclarotdf.com.ar\/wp-content\/uploads\/2025\/10\/photo_2025-10-31_22-21-36.jpg","_links":{"self":[{"href":"https:\/\/hablemosclarotdf.com.ar\/index.php?rest_route=\/wp\/v2\/posts\/56251","targetHints":{"allow":["GET"]}}],"collection":[{"href":"https:\/\/hablemosclarotdf.com.ar\/index.php?rest_route=\/wp\/v2\/posts"}],"about":[{"href":"https:\/\/hablemosclarotdf.com.ar\/index.php?rest_route=\/wp\/v2\/types\/post"}],"author":[{"embeddable":true,"href":"https:\/\/hablemosclarotdf.com.ar\/index.php?rest_route=\/wp\/v2\/users\/1"}],"replies":[{"embeddable":true,"href":"https:\/\/hablemosclarotdf.com.ar\/index.php?rest_route=%2Fwp%2Fv2%2Fcomments&post=56251"}],"version-history":[{"count":1,"href":"https:\/\/hablemosclarotdf.com.ar\/index.php?rest_route=\/wp\/v2\/posts\/56251\/revisions"}],"predecessor-version":[{"id":56253,"href":"https:\/\/hablemosclarotdf.com.ar\/index.php?rest_route=\/wp\/v2\/posts\/56251\/revisions\/56253"}],"wp:featuredmedia":[{"embeddable":true,"href":"https:\/\/hablemosclarotdf.com.ar\/index.php?rest_route=\/wp\/v2\/media\/56252"}],"wp:attachment":[{"href":"https:\/\/hablemosclarotdf.com.ar\/index.php?rest_route=%2Fwp%2Fv2%2Fmedia&parent=56251"}],"wp:term":[{"taxonomy":"category","embeddable":true,"href":"https:\/\/hablemosclarotdf.com.ar\/index.php?rest_route=%2Fwp%2Fv2%2Fcategories&post=56251"},{"taxonomy":"post_tag","embeddable":true,"href":"https:\/\/hablemosclarotdf.com.ar\/index.php?rest_route=%2Fwp%2Fv2%2Ftags&post=56251"}],"curies":[{"name":"wp","href":"https:\/\/api.w.org\/{rel}","templated":true}]}}