{"id":56204,"date":"2025-10-31T17:43:15","date_gmt":"2025-10-31T20:43:15","guid":{"rendered":"https:\/\/hablemosclarotdf.com.ar\/?p=56204"},"modified":"2025-10-31T17:43:15","modified_gmt":"2025-10-31T20:43:15","slug":"rio-grande-disfruta-el-fin-de-semana-con-distintas-actividades","status":"publish","type":"post","link":"https:\/\/hablemosclarotdf.com.ar\/?p=56204","title":{"rendered":"RIO GRANDE : DISFRUT\u00c1 EL FIN DE SEMANA  CON DISTINTAS ACTIVIDADES"},"content":{"rendered":"<p>\u201cRGA ALIMENTOS\u201d EN EL PASEO CANTO DEL VIENTO<\/p>\n<p>El punto de venta, ubicado en Fagnano 650, abre sus puertas de martes a s\u00e1bado de 10 a 20 horas; mientras que el domingo el horario ser\u00e1 de 10 a 13 horas. Durante el fin de semana los y las riograndenses podr\u00e1n adquirir pollos frescos de la marca local \u201cRGA Alimentos\u201d, as\u00ed como alimentos de productores locales como pescado, carne porcina, huevos y hortalizas.<\/p>\n<p>DISFRUT\u00c1 DE LA CALESITA DE ZONA SUR<\/p>\n<p>Este divertido espacio destinado a la recreaci\u00f3n y entretenimiento de las infancias de la ciudad se encuentra ubicado en Rafaela Ishton y Tolhuin. La calesita est\u00e1 abierta de mi\u00e9rcoles a domingos, desde las 15 hasta las 18 horas, con entrada libre y gratuita. El funcionamiento de la misma est\u00e1 sujeta a las condiciones clim\u00e1ticas.<\/p>\n<p>RECORR\u00c9 EL PASEO DE PRIMAVERA<\/p>\n<p>Este viernes, s\u00e1bado y domingo, el Paseo \u201cCanto del Viento\u201d, ubicado en Fagnano 650, abrir\u00e1 sus puertas, de 16 a 20 horas, para que las vecinas y vecinos disfruten de un entretenido recorrido que incluye stands con emprendedores locales, artesanos y manualistas de nuestra ciudad.<\/p>\n<p>\u201cREGALAR M\u00daSICA\u201d EN ESPACIO JOVEN AGP<\/p>\n<p>La propuesta es este viernes 31 de octubre, desde las 18 horas, en O\u2019Higgins 791. Se realizar\u00e1 un JAM con bandas colegiales invitadas y estudiantes de los talleres de m\u00fasica en pos de que sea una tarde para cantar, vibrar y hacer m\u00fasica en comunidad.<\/p>\n<p>DISFRUT\u00c1 LOS RECITALES DE LA PANTALLA DEL \u201cPARQUE DE LOS 100 A\u00d1OS\u201d<\/p>\n<p>A partir de las 22 horas, durante este fin de semana, en el Parque de los 100 A\u00f1os, vecinos y vecinas podr\u00e1n disfrutar de un amplio repertorio musical, a trav\u00e9s de la pantalla. El viernes se transmitir\u00e1 \u201cCasa Parlante: Amar Azul\u201d; el s\u00e1bado proyectar\u00e1 \u201cCuarteto en Un Poco de Ruido\u201d. Mientras que el domingo se podr\u00e1 disfrutar de \u201cKaramelo Santo \u2013 El Baile Oficial\u201d. Quienes asistan en veh\u00edculo podr\u00e1n sintonizar el audio desde la radio en el dial 89.5.<\/p>\n<p>VISIT\u00c1 EL MUSEO MUNICIPAL VIRGINIA CHOQUINTEL<\/p>\n<p>Este s\u00e1bado abre sus puertas de 15 a 18 horas, en Alberdi 555. En este espacio cultural, vecinos y vecinas aprender\u00e1n sobre la Causa Malvinas; los pueblos originarios; el \u00e1rea de Ciencias Naturales con la biodiversidad fueguina; los ambientes marinos y terrestres; el sector de Historia con los principales sucesos hist\u00f3ricos de la ciudad y otros aspectos que son parte de nuestra identidad riograndenses. Asimismo, estar\u00e1 disponible la muestra interactiva &#8220;Ruta de estrellas&#8221;, en el marco de los 90 a\u00f1os de la llegada del 1\u00b0 vuelo de la Aeroposta Argentina a R\u00edo Grande.<\/p>\n<p>GRAN FESTEJO DE CUMPLEA\u00d1OS DE ESPACIO JOVEN AGP<\/p>\n<p>Este s\u00e1bado 1\u00b0 de noviembre, a partir de las 15 horas, Espacio Joven AGP (O\u2019Higgins 791) festejar\u00e1 su 7\u00b0 aniversario acompa\u00f1ando, formando y creciendo junto a las juventudes de R\u00edo Grande. Las vecinas y vecinos podr\u00e1n disfrutar de una torta, DJ, juegos y se realizar\u00e1 un mural colectivo con el objetivo de sellar los siete a\u00f1os de historia.<\/p>\n<p>LLEGA EL \u201cPRE COSQU\u00cdN 2026\u201d A NUESTRA CIUDAD<\/p>\n<p>Se trata de la etapa preliminar para formar parte del mayor festival de folklore. El evento se desarrollar\u00e1 este s\u00e1bado 1\u00b0 y domingo 2 de noviembre, a las 19 horas en la Casa de la Cultura (Elcano 179). El s\u00e1bado se presentar\u00e1n los y las artistas del rubro m\u00fasica y el domingo estar\u00e1n las bailarinas y bailarines.<\/p>\n<p>MISA FIELES DIFUNTOS<\/p>\n<p>Este domingo 2 de noviembre, desde las 15 horas, en el sector de la Cruz Mayor del Cementerio Municipal (Islas Malvinas 1253). Adem\u00e1s, estar\u00e1n habilitadas las visitas al Cementerio local en horario extendido de 9 a 20 horas.<\/p>\n","protected":false},"excerpt":{"rendered":"<p>\u201cRGA ALIMENTOS\u201d EN EL PASEO CANTO DEL VIENTO El punto de venta, ubicado en Fagnano&#8230;<\/p>\n","protected":false},"author":1,"featured_media":56205,"comment_status":"closed","ping_status":"closed","sticky":false,"template":"","format":"standard","meta":{"footnotes":""},"categories":[3],"tags":[],"class_list":["post-56204","post","type-post","status-publish","format-standard","has-post-thumbnail","hentry","category-noticias"],"jetpack_featured_media_url":"https:\/\/hablemosclarotdf.com.ar\/wp-content\/uploads\/2025\/10\/photo_2025-10-31_17-42-30.jpg","_links":{"self":[{"href":"https:\/\/hablemosclarotdf.com.ar\/index.php?rest_route=\/wp\/v2\/posts\/56204","targetHints":{"allow":["GET"]}}],"collection":[{"href":"https:\/\/hablemosclarotdf.com.ar\/index.php?rest_route=\/wp\/v2\/posts"}],"about":[{"href":"https:\/\/hablemosclarotdf.com.ar\/index.php?rest_route=\/wp\/v2\/types\/post"}],"author":[{"embeddable":true,"href":"https:\/\/hablemosclarotdf.com.ar\/index.php?rest_route=\/wp\/v2\/users\/1"}],"replies":[{"embeddable":true,"href":"https:\/\/hablemosclarotdf.com.ar\/index.php?rest_route=%2Fwp%2Fv2%2Fcomments&post=56204"}],"version-history":[{"count":1,"href":"https:\/\/hablemosclarotdf.com.ar\/index.php?rest_route=\/wp\/v2\/posts\/56204\/revisions"}],"predecessor-version":[{"id":56206,"href":"https:\/\/hablemosclarotdf.com.ar\/index.php?rest_route=\/wp\/v2\/posts\/56204\/revisions\/56206"}],"wp:featuredmedia":[{"embeddable":true,"href":"https:\/\/hablemosclarotdf.com.ar\/index.php?rest_route=\/wp\/v2\/media\/56205"}],"wp:attachment":[{"href":"https:\/\/hablemosclarotdf.com.ar\/index.php?rest_route=%2Fwp%2Fv2%2Fmedia&parent=56204"}],"wp:term":[{"taxonomy":"category","embeddable":true,"href":"https:\/\/hablemosclarotdf.com.ar\/index.php?rest_route=%2Fwp%2Fv2%2Fcategories&post=56204"},{"taxonomy":"post_tag","embeddable":true,"href":"https:\/\/hablemosclarotdf.com.ar\/index.php?rest_route=%2Fwp%2Fv2%2Ftags&post=56204"}],"curies":[{"name":"wp","href":"https:\/\/api.w.org\/{rel}","templated":true}]}}