{"id":56200,"date":"2025-10-31T14:13:08","date_gmt":"2025-10-31T17:13:08","guid":{"rendered":"https:\/\/hablemosclarotdf.com.ar\/?p=56200"},"modified":"2025-10-31T14:13:27","modified_gmt":"2025-10-31T17:13:27","slug":"rio-grande-el-municipio-se-reunio-con-directivos-de-colegios-secundarios-para-ultimar-detalles-de-la-serenata-estudiantil-2025","status":"publish","type":"post","link":"https:\/\/hablemosclarotdf.com.ar\/?p=56200","title":{"rendered":"RIO GRANDE : EL MUNICIPIO SE REUNI\u00d3 CON DIRECTIVOS DE COLEGIOS SECUNDARIOS PARA ULTIMAR DETALLES DE LA SERENATA ESTUDIANTIL 2025"},"content":{"rendered":"<p>En el marco de los preparativos para una nueva edici\u00f3n de la Serenata Estudiantil, el Municipio de R\u00edo Grande, a trav\u00e9s de la Secretaria de Gesti\u00f3n Ciudadana, mantuvo una reuni\u00f3n informativa con directivos de los colegios secundarios de la ciudad.<\/p>\n<p>La Serenata Estudiantil es un evento que cada a\u00f1o re\u00fane a cientos de j\u00f3venes egresados en el Cono de Sombra y constituye uno de los espacios m\u00e1s esperados por las juventudes riograndenses. En este sentido, la reuni\u00f3n tuvo como objetivo brindar detalles sobre los dispositivos de prevenci\u00f3n y acompa\u00f1amiento que se implementar\u00e1n en cada noche, del 3 al 6 de noviembre, reafirmando el compromiso del Municipio con el cuidado integral de los y las estudiantes.<\/p>\n<p>Del encuentro participaron autoridades de la Secretar\u00eda de Gesti\u00f3n Ciudadana junto con directivos de colegios secundarios de la ciudad.<\/p>\n<p>El operativo incluir\u00e1 controles de acceso mediante registro previo y c\u00f3digo QR personalizado, garantizando as\u00ed un ingreso \u00e1gil y seguro. Adem\u00e1s, se dispondr\u00e1 de c\u00e1maras de vigilancia, detectores de metales y un circuito de monitoreo en tiempo real. El dispositivo de seguridad contar\u00e1 con la participaci\u00f3n de la Polic\u00eda Federal, Gendarmer\u00eda, personal de Admisi\u00f3n y Permanencia, adem\u00e1s de un amplio despliegue de Defensa Civil y Tr\u00e1nsito municipal.<\/p>\n<p>Asimismo, se instalar\u00e1 la tradicional carpa de salud con presencia m\u00e9dica permanente, junto con puntos de hidrataci\u00f3n y el Punto Violeta, espacios destinados a la prevenci\u00f3n, la asistencia y el acompa\u00f1amiento de las juventudes.<\/p>\n<p>\u201cPusimos en conocimiento a todos los establecimientos educativos sobre c\u00f3mo ser\u00e1 el operativo y las medidas de seguridad para la Serenata Estudiantil, priorizando la seguridad integral de los y las estudiantes, pero tambi\u00e9n el disfrute y la recreaci\u00f3n en este cierre de etapa tan importante\u201d, se\u00f1al\u00f3 D\u00e9bora Galichini, subsecretaria de Participaci\u00f3n Ciudadana.<\/p>\n<p>En esa l\u00ednea, destac\u00f3 que \u201cel a\u00f1o pasado el nuevo mecanismo de ingreso con QR y la videovigilancia fueron muy bien recibidos por las familias, y este a\u00f1o vamos a seguir fortaleciendo esas medidas. Adem\u00e1s, sumaremos un espacio recreativo para que los chicos y chicas puedan disfrutar de la m\u00fasica y compartir de manera segura\u201d.<\/p>\n<p>De esta manera, el Municipio de R\u00edo Grande contin\u00faa trabajando junto a las escuelas y las familias para que la Serenata Estudiantil 2025 sea una verdadera celebraci\u00f3n de las juventudes, en un entorno seguro y de encuentro comunitario.<\/p>\n<p><img loading=\"lazy\" decoding=\"async\" class=\"alignnone size-medium wp-image-56202\" src=\"https:\/\/hablemosclarotdf.com.ar\/wp-content\/uploads\/2025\/10\/photo_2025-10-31_14-12-15-300x200.jpg\" alt=\"\" width=\"300\" height=\"200\" srcset=\"https:\/\/hablemosclarotdf.com.ar\/wp-content\/uploads\/2025\/10\/photo_2025-10-31_14-12-15-300x200.jpg 300w, https:\/\/hablemosclarotdf.com.ar\/wp-content\/uploads\/2025\/10\/photo_2025-10-31_14-12-15-1024x682.jpg 1024w, https:\/\/hablemosclarotdf.com.ar\/wp-content\/uploads\/2025\/10\/photo_2025-10-31_14-12-15-768x512.jpg 768w, https:\/\/hablemosclarotdf.com.ar\/wp-content\/uploads\/2025\/10\/photo_2025-10-31_14-12-15.jpg 1280w\" sizes=\"auto, (max-width: 300px) 100vw, 300px\" \/><\/p>\n","protected":false},"excerpt":{"rendered":"<p>En el marco de los preparativos para una nueva edici\u00f3n de la Serenata Estudiantil, el&#8230;<\/p>\n","protected":false},"author":1,"featured_media":56201,"comment_status":"closed","ping_status":"closed","sticky":false,"template":"","format":"standard","meta":{"footnotes":""},"categories":[3],"tags":[],"class_list":["post-56200","post","type-post","status-publish","format-standard","has-post-thumbnail","hentry","category-noticias"],"jetpack_featured_media_url":"https:\/\/hablemosclarotdf.com.ar\/wp-content\/uploads\/2025\/10\/photo_2025-10-31_14-12-07.jpg","_links":{"self":[{"href":"https:\/\/hablemosclarotdf.com.ar\/index.php?rest_route=\/wp\/v2\/posts\/56200","targetHints":{"allow":["GET"]}}],"collection":[{"href":"https:\/\/hablemosclarotdf.com.ar\/index.php?rest_route=\/wp\/v2\/posts"}],"about":[{"href":"https:\/\/hablemosclarotdf.com.ar\/index.php?rest_route=\/wp\/v2\/types\/post"}],"author":[{"embeddable":true,"href":"https:\/\/hablemosclarotdf.com.ar\/index.php?rest_route=\/wp\/v2\/users\/1"}],"replies":[{"embeddable":true,"href":"https:\/\/hablemosclarotdf.com.ar\/index.php?rest_route=%2Fwp%2Fv2%2Fcomments&post=56200"}],"version-history":[{"count":1,"href":"https:\/\/hablemosclarotdf.com.ar\/index.php?rest_route=\/wp\/v2\/posts\/56200\/revisions"}],"predecessor-version":[{"id":56203,"href":"https:\/\/hablemosclarotdf.com.ar\/index.php?rest_route=\/wp\/v2\/posts\/56200\/revisions\/56203"}],"wp:featuredmedia":[{"embeddable":true,"href":"https:\/\/hablemosclarotdf.com.ar\/index.php?rest_route=\/wp\/v2\/media\/56201"}],"wp:attachment":[{"href":"https:\/\/hablemosclarotdf.com.ar\/index.php?rest_route=%2Fwp%2Fv2%2Fmedia&parent=56200"}],"wp:term":[{"taxonomy":"category","embeddable":true,"href":"https:\/\/hablemosclarotdf.com.ar\/index.php?rest_route=%2Fwp%2Fv2%2Fcategories&post=56200"},{"taxonomy":"post_tag","embeddable":true,"href":"https:\/\/hablemosclarotdf.com.ar\/index.php?rest_route=%2Fwp%2Fv2%2Ftags&post=56200"}],"curies":[{"name":"wp","href":"https:\/\/api.w.org\/{rel}","templated":true}]}}