{"id":56197,"date":"2025-10-31T13:21:03","date_gmt":"2025-10-31T16:21:03","guid":{"rendered":"https:\/\/hablemosclarotdf.com.ar\/?p=56197"},"modified":"2025-10-31T13:21:03","modified_gmt":"2025-10-31T16:21:03","slug":"rio-grande-espacio-joven-agp-celebra-sus-7-anos-con-una-fiesta-de-disfraces","status":"publish","type":"post","link":"https:\/\/hablemosclarotdf.com.ar\/?p=56197","title":{"rendered":"RIO GRANDE : ESPACIO JOVEN AGP CELEBRA SUS 7 A\u00d1OS CON UNA FIESTA DE DISFRACES"},"content":{"rendered":"<p>El Municipio de R\u00edo Grande invita a toda la comunidad a celebrar el 7\u00b0 aniversario del Espacio Joven AGP, un lugar de encuentro, formaci\u00f3n y contenci\u00f3n que forma parte de la vida de cientos de j\u00f3venes de la ciudad.<\/p>\n<p>El festejo se realizar\u00e1 este s\u00e1bado 1 de noviembre, desde las 15 horas, en Espacio Joven, ubicado en O\u2019Higgins 791. Ser\u00e1 una jornada abierta y gratuita, que incluir\u00e1 torta, m\u00fasica en vivo con DJ, juegos, un mural colectivo y una fiesta de disfraces, donde los mejores looks recibir\u00e1n premios especiales.<\/p>\n<p>Desde su creaci\u00f3n, el Espacio Joven AGP se consolid\u00f3 como un lugar de referencia para las juventudes, promoviendo la creatividad, el trabajo en equipo y la participaci\u00f3n activa. A lo largo de estos a\u00f1os, se transform\u00f3 en un punto de encuentro donde se construyen proyectos, se desarrollan talentos y se fortalecen los lazos comunitarios.<\/p>\n<p>El Municipio de R\u00edo Grande reafirma as\u00ed su compromiso con las juventudes y con pol\u00edticas p\u00fablicas que promueven el desarrollo integral, la inclusi\u00f3n y la participaci\u00f3n.<\/p>\n","protected":false},"excerpt":{"rendered":"<p>El Municipio de R\u00edo Grande invita a toda la comunidad a celebrar el 7\u00b0 aniversario&#8230;<\/p>\n","protected":false},"author":1,"featured_media":56198,"comment_status":"closed","ping_status":"closed","sticky":false,"template":"","format":"standard","meta":{"footnotes":""},"categories":[3],"tags":[],"class_list":["post-56197","post","type-post","status-publish","format-standard","has-post-thumbnail","hentry","category-noticias"],"jetpack_featured_media_url":"https:\/\/hablemosclarotdf.com.ar\/wp-content\/uploads\/2025\/10\/photo_2025-10-31_13-20-23.jpg","_links":{"self":[{"href":"https:\/\/hablemosclarotdf.com.ar\/index.php?rest_route=\/wp\/v2\/posts\/56197","targetHints":{"allow":["GET"]}}],"collection":[{"href":"https:\/\/hablemosclarotdf.com.ar\/index.php?rest_route=\/wp\/v2\/posts"}],"about":[{"href":"https:\/\/hablemosclarotdf.com.ar\/index.php?rest_route=\/wp\/v2\/types\/post"}],"author":[{"embeddable":true,"href":"https:\/\/hablemosclarotdf.com.ar\/index.php?rest_route=\/wp\/v2\/users\/1"}],"replies":[{"embeddable":true,"href":"https:\/\/hablemosclarotdf.com.ar\/index.php?rest_route=%2Fwp%2Fv2%2Fcomments&post=56197"}],"version-history":[{"count":1,"href":"https:\/\/hablemosclarotdf.com.ar\/index.php?rest_route=\/wp\/v2\/posts\/56197\/revisions"}],"predecessor-version":[{"id":56199,"href":"https:\/\/hablemosclarotdf.com.ar\/index.php?rest_route=\/wp\/v2\/posts\/56197\/revisions\/56199"}],"wp:featuredmedia":[{"embeddable":true,"href":"https:\/\/hablemosclarotdf.com.ar\/index.php?rest_route=\/wp\/v2\/media\/56198"}],"wp:attachment":[{"href":"https:\/\/hablemosclarotdf.com.ar\/index.php?rest_route=%2Fwp%2Fv2%2Fmedia&parent=56197"}],"wp:term":[{"taxonomy":"category","embeddable":true,"href":"https:\/\/hablemosclarotdf.com.ar\/index.php?rest_route=%2Fwp%2Fv2%2Fcategories&post=56197"},{"taxonomy":"post_tag","embeddable":true,"href":"https:\/\/hablemosclarotdf.com.ar\/index.php?rest_route=%2Fwp%2Fv2%2Ftags&post=56197"}],"curies":[{"name":"wp","href":"https:\/\/api.w.org\/{rel}","templated":true}]}}