{"id":56165,"date":"2025-10-31T13:05:35","date_gmt":"2025-10-31T16:05:35","guid":{"rendered":"https:\/\/hablemosclarotdf.com.ar\/?p=56165"},"modified":"2025-10-31T13:05:35","modified_gmt":"2025-10-31T16:05:35","slug":"rio-grande-condolencias-33","status":"publish","type":"post","link":"https:\/\/hablemosclarotdf.com.ar\/?p=56165","title":{"rendered":"RIO GRANDE : CONDOLENCIAS"},"content":{"rendered":"<p>El intendente Mart\u00edn Perez, miembros del Gabinete y trabajadores municipales expresan su m\u00e1s profundo pesar por el fallecimiento de la querida vecina Mirta L\u00f3pez.<\/p>\n<p>Mirta fue presidenta del Centro de Jubilados y Pensionados \u201cDionisio Ju\u00e1rez\u201d. Por su labor y compromiso con los jubilados, jubiladas y pensionados, ser\u00e1 recordada con gran respeto y cari\u00f1o por toda la comunidad de R\u00edo Grande.<\/p>\n<p>El Intendente, junto a miembros del Gabinete y trabajadores municipales, hace llegar su acompa\u00f1amiento a familiares y seres queridos en este momento de profundo dolor, deseando que encuentren paz y consuelo.<\/p>\n","protected":false},"excerpt":{"rendered":"<p>El intendente Mart\u00edn Perez, miembros del Gabinete y trabajadores municipales expresan su m\u00e1s profundo pesar&#8230;<\/p>\n","protected":false},"author":1,"featured_media":56166,"comment_status":"closed","ping_status":"closed","sticky":false,"template":"","format":"standard","meta":{"footnotes":""},"categories":[3],"tags":[],"class_list":["post-56165","post","type-post","status-publish","format-standard","has-post-thumbnail","hentry","category-noticias"],"jetpack_featured_media_url":"https:\/\/hablemosclarotdf.com.ar\/wp-content\/uploads\/2025\/10\/download-8.jpg","_links":{"self":[{"href":"https:\/\/hablemosclarotdf.com.ar\/index.php?rest_route=\/wp\/v2\/posts\/56165","targetHints":{"allow":["GET"]}}],"collection":[{"href":"https:\/\/hablemosclarotdf.com.ar\/index.php?rest_route=\/wp\/v2\/posts"}],"about":[{"href":"https:\/\/hablemosclarotdf.com.ar\/index.php?rest_route=\/wp\/v2\/types\/post"}],"author":[{"embeddable":true,"href":"https:\/\/hablemosclarotdf.com.ar\/index.php?rest_route=\/wp\/v2\/users\/1"}],"replies":[{"embeddable":true,"href":"https:\/\/hablemosclarotdf.com.ar\/index.php?rest_route=%2Fwp%2Fv2%2Fcomments&post=56165"}],"version-history":[{"count":1,"href":"https:\/\/hablemosclarotdf.com.ar\/index.php?rest_route=\/wp\/v2\/posts\/56165\/revisions"}],"predecessor-version":[{"id":56167,"href":"https:\/\/hablemosclarotdf.com.ar\/index.php?rest_route=\/wp\/v2\/posts\/56165\/revisions\/56167"}],"wp:featuredmedia":[{"embeddable":true,"href":"https:\/\/hablemosclarotdf.com.ar\/index.php?rest_route=\/wp\/v2\/media\/56166"}],"wp:attachment":[{"href":"https:\/\/hablemosclarotdf.com.ar\/index.php?rest_route=%2Fwp%2Fv2%2Fmedia&parent=56165"}],"wp:term":[{"taxonomy":"category","embeddable":true,"href":"https:\/\/hablemosclarotdf.com.ar\/index.php?rest_route=%2Fwp%2Fv2%2Fcategories&post=56165"},{"taxonomy":"post_tag","embeddable":true,"href":"https:\/\/hablemosclarotdf.com.ar\/index.php?rest_route=%2Fwp%2Fv2%2Ftags&post=56165"}],"curies":[{"name":"wp","href":"https:\/\/api.w.org\/{rel}","templated":true}]}}