{"id":56146,"date":"2025-10-31T09:23:52","date_gmt":"2025-10-31T12:23:52","guid":{"rendered":"https:\/\/hablemosclarotdf.com.ar\/?p=56146"},"modified":"2025-10-31T09:23:52","modified_gmt":"2025-10-31T12:23:52","slug":"ushuaia-la-municipalidad-acompanara-la-2-edicion-del-festival-videominuto-un-minuto-de-silencio-en-la-sala-nini-marshall","status":"publish","type":"post","link":"https:\/\/hablemosclarotdf.com.ar\/?p=56146","title":{"rendered":"USHUAIA : LA MUNICIPALIDAD  ACOMPA\u00d1AR\u00c1 LA 2\u00b0 EDICI\u00d3N DEL FESTIVAL VIDEOMINUTO \u201cUN MINUTO DE SILENCIO\u201d EN LA SALA NIN\u00cd MARSHALL"},"content":{"rendered":"<p>La propuesta se realizar\u00e1 el martes 11 de noviembre a las 14:30 horas<\/p>\n<p>La Secretar\u00eda de Cultura y Educaci\u00f3n de la Municipalidad de Ushuaia acompa\u00f1ar\u00e1 este martes 11 de noviembre a las 14:30 horas en la Sala Nin\u00ed Marshall de la Casa de la Cultura Enriqueta Gastelumendi la 2\u00b0 Edici\u00f3n del Festival Videominuto \u201cUn Minuto de Silencio\u201d.<br \/>\nDicha propuesta, que es impulsada por la Modalidad T\u00e9cnica en Comunicaci\u00f3n Multimedial del Colegio Provincial \u201cErnesto Sabato\u201d ser\u00e1 con entrada libre y gratuita y proyectar\u00e1 diversos cortometrajes de un minuto de duraci\u00f3n realizados por estudiantes de los colegios secundarios Ernesto Sabato, Polivalente de Arte &#8220;Prof. In\u00e9s Mar\u00eda Bustelo&#8221;, Colegio Provincial Los Andes, Colegio Provincial Dr. Jos\u00e9 Mar\u00eda Sobral, Colegio Julio Verne y el CAAD Ushuaia donde exploran el g\u00e9nero de terror desde la mirada cr\u00edtica de las adolescencias.<br \/>\nBel\u00e9n Molina, secretaria de Cultura y Educaci\u00f3n, resalt\u00f3 que \u201cpara nosotros es muy importante acompa\u00f1ar la Segunda Edici\u00f3n de este Festival en nuestra querida Casa de la Cultura, acercando a la comunidad este formato innovador donde las juventudes de Ushuaia bajo un marco acad\u00e9mico se expresan a trav\u00e9s de la producci\u00f3n audiovisual mostr\u00e1ndonos todo su talento y creatividad\u201d.<br \/>\nAsimismo, la funcionaria destac\u00f3 \u201cla gran labor y preparaci\u00f3n de los alumnos y alumnas del Ernesto Sabato, quienes llevan adelante este proyecto que re\u00fane trabajos de alt\u00edsimo nivel t\u00e9cnico y art\u00edstico, demostrando que Ushuaia y Tierra del Fuego cuentan con el recurso humano para impulsar producciones excelentes del s\u00e9ptimo arte\u201d.<br \/>\nPara conocer m\u00e1s sobre el Festival Videominuto \u201cUn Minuto de Silencio\u201d, las y los interesados podr\u00e1n visitar las redes del Colegio Provincial Ernesto Sabato en @colegio_ernesto_sabato, as\u00ed como las de la Secretar\u00eda de Cultura y Educaci\u00f3n en @culturayeducacionush.<\/p>\n","protected":false},"excerpt":{"rendered":"<p>La propuesta se realizar\u00e1 el martes 11 de noviembre a las 14:30 horas La Secretar\u00eda&#8230;<\/p>\n","protected":false},"author":1,"featured_media":56147,"comment_status":"closed","ping_status":"closed","sticky":false,"template":"","format":"standard","meta":{"footnotes":""},"categories":[3],"tags":[],"class_list":["post-56146","post","type-post","status-publish","format-standard","has-post-thumbnail","hentry","category-noticias"],"jetpack_featured_media_url":"https:\/\/hablemosclarotdf.com.ar\/wp-content\/uploads\/2025\/10\/photo_2025-10-31_09-22-45.jpg","_links":{"self":[{"href":"https:\/\/hablemosclarotdf.com.ar\/index.php?rest_route=\/wp\/v2\/posts\/56146","targetHints":{"allow":["GET"]}}],"collection":[{"href":"https:\/\/hablemosclarotdf.com.ar\/index.php?rest_route=\/wp\/v2\/posts"}],"about":[{"href":"https:\/\/hablemosclarotdf.com.ar\/index.php?rest_route=\/wp\/v2\/types\/post"}],"author":[{"embeddable":true,"href":"https:\/\/hablemosclarotdf.com.ar\/index.php?rest_route=\/wp\/v2\/users\/1"}],"replies":[{"embeddable":true,"href":"https:\/\/hablemosclarotdf.com.ar\/index.php?rest_route=%2Fwp%2Fv2%2Fcomments&post=56146"}],"version-history":[{"count":1,"href":"https:\/\/hablemosclarotdf.com.ar\/index.php?rest_route=\/wp\/v2\/posts\/56146\/revisions"}],"predecessor-version":[{"id":56148,"href":"https:\/\/hablemosclarotdf.com.ar\/index.php?rest_route=\/wp\/v2\/posts\/56146\/revisions\/56148"}],"wp:featuredmedia":[{"embeddable":true,"href":"https:\/\/hablemosclarotdf.com.ar\/index.php?rest_route=\/wp\/v2\/media\/56147"}],"wp:attachment":[{"href":"https:\/\/hablemosclarotdf.com.ar\/index.php?rest_route=%2Fwp%2Fv2%2Fmedia&parent=56146"}],"wp:term":[{"taxonomy":"category","embeddable":true,"href":"https:\/\/hablemosclarotdf.com.ar\/index.php?rest_route=%2Fwp%2Fv2%2Fcategories&post=56146"},{"taxonomy":"post_tag","embeddable":true,"href":"https:\/\/hablemosclarotdf.com.ar\/index.php?rest_route=%2Fwp%2Fv2%2Ftags&post=56146"}],"curies":[{"name":"wp","href":"https:\/\/api.w.org\/{rel}","templated":true}]}}