{"id":56113,"date":"2025-10-30T17:59:46","date_gmt":"2025-10-30T20:59:46","guid":{"rendered":"https:\/\/hablemosclarotdf.com.ar\/?p=56113"},"modified":"2025-10-30T17:59:46","modified_gmt":"2025-10-30T20:59:46","slug":"nuevas-propuestas-recreativas-y-educativas-en-el-sum-patagonia-de-rio-grande","status":"publish","type":"post","link":"https:\/\/hablemosclarotdf.com.ar\/?p=56113","title":{"rendered":"NUEVAS PROPUESTAS RECREATIVAS Y EDUCATIVAS EN EL SUM PATAGONIA DE R\u00cdO GRANDE"},"content":{"rendered":"<p>La Secretar\u00eda de Representaci\u00f3n Pol\u00edtica informa que ya se encuentran disponibles las nuevas propuestas recreativas y educativas para toda la comunidad en el SUM Patagonia, ubicado en calle Patagonia 470 del barrio Chacra II. El espacio se encuentra abierto de lunes a viernes, de 9 a 22 h.<\/p>\n<p>Se desarrollan talleres para ni\u00f1os, j\u00f3venes, adultos y personas mayores, con el objetivo de promover el aprendizaje, la recreaci\u00f3n y la integraci\u00f3n comunitaria. Las actividades disponibles son:<\/p>\n<p>* Reggaet\u00f3n &#8211; lunes y mi\u00e9rcoles de 16.30 a 17.30 h<br \/>\n* Salsa &#8211; martes y jueves de 20 a 21 h<br \/>\n* Bachata &#8211; martes y jueves de 19 a 20 h<br \/>\n* Yoga &#8211; mi\u00e9rcoles de 18 a 19 h y viernes de 17 a 18 h<br \/>\n* Pilates &#8211; lunes 20 a 21.30 h y jueves de 18 a 19 h<br \/>\n* Zumba &#8211; martes y jueves de 17 a 18 h<br \/>\n* Charlas de salud &#8211; viernes de 15 a 17 h<br \/>\n* Taekwondo &#8211; lunes y mi\u00e9rcoles de 18.30 a 20.30 h<br \/>\n* Filigrana en papel &#8211; martes y jueves de 14 a 16 h<br \/>\n* Ingl\u00e9s &#8211; martes de 11 a 12 h y viernes 14 a 15 h<br \/>\n* Belleza de pies &#8211; lunes y mi\u00e9rcoles de 14.30 a 16.30 h<br \/>\n* Danza urbana &#8211; viernes de 20 a 21 h<\/p>\n<p>Al respecto, la subsecretaria de Participaci\u00f3n Comunitaria, Silvia Cardozo, precis\u00f3 que \u201cadem\u00e1s, los fines de semana se realiza una feria local donde acompa\u00f1amos a feriantes que encuentran aqu\u00ed un lugar para ofrecer sus productos, entendiendo la situaci\u00f3n econ\u00f3mica actual y la importancia de fortalecer la econom\u00eda comunitaria\u201d.<\/p>\n<p>Asimismo se invita a los vecinos a conocer el SUM y participar de las actividades, donde se encontrar\u00e1n con el personal administrativo para brindarles toda la informaci\u00f3n necesaria.<\/p>\n<p>Para inscripciones y consultas la ciudadan\u00eda puede comunicarse al tel\u00e9fono 2964473812 de lunes a viernes de 9 a 22 h en Patagonia 470, barrio Chacra II.<\/p>\n<p><img loading=\"lazy\" decoding=\"async\" class=\"alignnone size-medium wp-image-56115\" src=\"https:\/\/hablemosclarotdf.com.ar\/wp-content\/uploads\/2025\/10\/photo_2025-10-30_17-58-05-300x200.jpg\" alt=\"\" width=\"300\" height=\"200\" srcset=\"https:\/\/hablemosclarotdf.com.ar\/wp-content\/uploads\/2025\/10\/photo_2025-10-30_17-58-05-300x200.jpg 300w, https:\/\/hablemosclarotdf.com.ar\/wp-content\/uploads\/2025\/10\/photo_2025-10-30_17-58-05-1024x682.jpg 1024w, https:\/\/hablemosclarotdf.com.ar\/wp-content\/uploads\/2025\/10\/photo_2025-10-30_17-58-05-768x511.jpg 768w, https:\/\/hablemosclarotdf.com.ar\/wp-content\/uploads\/2025\/10\/photo_2025-10-30_17-58-05.jpg 1280w\" sizes=\"auto, (max-width: 300px) 100vw, 300px\" \/> <img loading=\"lazy\" decoding=\"async\" class=\"alignnone size-medium wp-image-56116\" src=\"https:\/\/hablemosclarotdf.com.ar\/wp-content\/uploads\/2025\/10\/photo_2025-10-30_17-58-16-300x199.jpg\" alt=\"\" width=\"300\" height=\"199\" srcset=\"https:\/\/hablemosclarotdf.com.ar\/wp-content\/uploads\/2025\/10\/photo_2025-10-30_17-58-16-300x199.jpg 300w, https:\/\/hablemosclarotdf.com.ar\/wp-content\/uploads\/2025\/10\/photo_2025-10-30_17-58-16-1024x680.jpg 1024w, https:\/\/hablemosclarotdf.com.ar\/wp-content\/uploads\/2025\/10\/photo_2025-10-30_17-58-16-768x510.jpg 768w, https:\/\/hablemosclarotdf.com.ar\/wp-content\/uploads\/2025\/10\/photo_2025-10-30_17-58-16.jpg 1280w\" sizes=\"auto, (max-width: 300px) 100vw, 300px\" \/> <img loading=\"lazy\" decoding=\"async\" class=\"alignnone size-medium wp-image-56117\" src=\"https:\/\/hablemosclarotdf.com.ar\/wp-content\/uploads\/2025\/10\/photo_2025-10-30_17-58-10-300x200.jpg\" alt=\"\" width=\"300\" height=\"200\" srcset=\"https:\/\/hablemosclarotdf.com.ar\/wp-content\/uploads\/2025\/10\/photo_2025-10-30_17-58-10-300x200.jpg 300w, https:\/\/hablemosclarotdf.com.ar\/wp-content\/uploads\/2025\/10\/photo_2025-10-30_17-58-10-1024x682.jpg 1024w, https:\/\/hablemosclarotdf.com.ar\/wp-content\/uploads\/2025\/10\/photo_2025-10-30_17-58-10-768x511.jpg 768w, https:\/\/hablemosclarotdf.com.ar\/wp-content\/uploads\/2025\/10\/photo_2025-10-30_17-58-10.jpg 1280w\" sizes=\"auto, (max-width: 300px) 100vw, 300px\" \/> <img loading=\"lazy\" decoding=\"async\" class=\"alignnone size-medium wp-image-56118\" src=\"https:\/\/hablemosclarotdf.com.ar\/wp-content\/uploads\/2025\/10\/photo_2025-10-30_17-58-21-300x169.jpg\" alt=\"\" width=\"300\" height=\"169\" srcset=\"https:\/\/hablemosclarotdf.com.ar\/wp-content\/uploads\/2025\/10\/photo_2025-10-30_17-58-21-300x169.jpg 300w, https:\/\/hablemosclarotdf.com.ar\/wp-content\/uploads\/2025\/10\/photo_2025-10-30_17-58-21-1024x576.jpg 1024w, https:\/\/hablemosclarotdf.com.ar\/wp-content\/uploads\/2025\/10\/photo_2025-10-30_17-58-21-768x432.jpg 768w, https:\/\/hablemosclarotdf.com.ar\/wp-content\/uploads\/2025\/10\/photo_2025-10-30_17-58-21.jpg 1280w\" sizes=\"auto, (max-width: 300px) 100vw, 300px\" \/><\/p>\n","protected":false},"excerpt":{"rendered":"<p>La Secretar\u00eda de Representaci\u00f3n Pol\u00edtica informa que ya se encuentran disponibles las nuevas propuestas recreativas&#8230;<\/p>\n","protected":false},"author":1,"featured_media":56114,"comment_status":"closed","ping_status":"closed","sticky":false,"template":"","format":"standard","meta":{"footnotes":""},"categories":[3],"tags":[],"class_list":["post-56113","post","type-post","status-publish","format-standard","has-post-thumbnail","hentry","category-noticias"],"jetpack_featured_media_url":"https:\/\/hablemosclarotdf.com.ar\/wp-content\/uploads\/2025\/10\/photo_2025-10-30_17-58-00.jpg","_links":{"self":[{"href":"https:\/\/hablemosclarotdf.com.ar\/index.php?rest_route=\/wp\/v2\/posts\/56113","targetHints":{"allow":["GET"]}}],"collection":[{"href":"https:\/\/hablemosclarotdf.com.ar\/index.php?rest_route=\/wp\/v2\/posts"}],"about":[{"href":"https:\/\/hablemosclarotdf.com.ar\/index.php?rest_route=\/wp\/v2\/types\/post"}],"author":[{"embeddable":true,"href":"https:\/\/hablemosclarotdf.com.ar\/index.php?rest_route=\/wp\/v2\/users\/1"}],"replies":[{"embeddable":true,"href":"https:\/\/hablemosclarotdf.com.ar\/index.php?rest_route=%2Fwp%2Fv2%2Fcomments&post=56113"}],"version-history":[{"count":1,"href":"https:\/\/hablemosclarotdf.com.ar\/index.php?rest_route=\/wp\/v2\/posts\/56113\/revisions"}],"predecessor-version":[{"id":56119,"href":"https:\/\/hablemosclarotdf.com.ar\/index.php?rest_route=\/wp\/v2\/posts\/56113\/revisions\/56119"}],"wp:featuredmedia":[{"embeddable":true,"href":"https:\/\/hablemosclarotdf.com.ar\/index.php?rest_route=\/wp\/v2\/media\/56114"}],"wp:attachment":[{"href":"https:\/\/hablemosclarotdf.com.ar\/index.php?rest_route=%2Fwp%2Fv2%2Fmedia&parent=56113"}],"wp:term":[{"taxonomy":"category","embeddable":true,"href":"https:\/\/hablemosclarotdf.com.ar\/index.php?rest_route=%2Fwp%2Fv2%2Fcategories&post=56113"},{"taxonomy":"post_tag","embeddable":true,"href":"https:\/\/hablemosclarotdf.com.ar\/index.php?rest_route=%2Fwp%2Fv2%2Ftags&post=56113"}],"curies":[{"name":"wp","href":"https:\/\/api.w.org\/{rel}","templated":true}]}}