{"id":56101,"date":"2025-10-30T17:51:38","date_gmt":"2025-10-30T20:51:38","guid":{"rendered":"https:\/\/hablemosclarotdf.com.ar\/?p=56101"},"modified":"2025-10-30T17:51:38","modified_gmt":"2025-10-30T20:51:38","slug":"rio-grande-infancias-y-adultos-mayores-compartieron-una-jornada-de-juegos-arte-y-cuidados-2","status":"publish","type":"post","link":"https:\/\/hablemosclarotdf.com.ar\/?p=56101","title":{"rendered":"RIO GRANDE : INFANCIAS Y ADULTOS MAYORES COMPARTIERON UNA JORNADA DE JUEGOS, ARTE Y CUIDADOS"},"content":{"rendered":"<p>El Municipio de R\u00edo Grande, a trav\u00e9s de la Secretar\u00eda de G\u00e9nero y Desarrollo Comunitario, llev\u00f3 adelante diversas actividades en el marco del D\u00eda Internacional de los Cuidados y el Apoyo, reafirmando el compromiso de la gesti\u00f3n municipal con la construcci\u00f3n de una ciudad m\u00e1s igualitaria, solidaria y enfocada en el bienestar colectivo.<\/p>\n<p>Las propuestas se desarrollaron en los distintos Espacios de Cuidados y en la Juegoteca Zona Sur, donde se vivieron experiencias de encuentro, reflexi\u00f3n y aprendizaje compartido.<\/p>\n<p>Por un lado, las infancias que asisten a los Espacios de Cuidados, junto a sus madres, participaron de una actividad especialmente pensada para reflexionar sobre la importancia de cuidar y ser cuidados, a trav\u00e9s del juego, el arte y la lectura compartida. De esta manera, las y los participantes realizaron murales, juegos de roles y lecturas que permitieron reconocer el valor cotidiano de los cuidados como un acto de amor, respeto y comunidad.<\/p>\n<p>En simult\u00e1neo, en la Juegoteca Zona Sur se llev\u00f3 a cabo un encuentro intergeneracional entre personas adultas mayores e infancias, en articulaci\u00f3n con la Direcci\u00f3n General para el Bienestar de las Personas Adultas Mayores. All\u00ed, las y los adultos mayores compartieron una tarde de juegos, lectura, arte y merienda con las infancias del espacio, en una experiencia que promovi\u00f3 el intercambio de saberes, la empat\u00eda y el disfrute mutuo.<\/p>\n<p>A trav\u00e9s de estas acciones, el Municipio de R\u00edo Grande trabaja de manera sostenida para visibilizar y acompa\u00f1ar las tareas de cuidado en todas las etapas de la vida de las y los riograndenses, fortaleciendo las redes comunitarias y promoviendo pol\u00edticas p\u00fablicas que garanticen la igualdad y el bienestar social.<\/p>\n<p><img loading=\"lazy\" decoding=\"async\" class=\"alignnone size-medium wp-image-56103\" src=\"https:\/\/hablemosclarotdf.com.ar\/wp-content\/uploads\/2025\/10\/photo_2025-10-30_17-50-42-300x200.jpg\" alt=\"\" width=\"300\" height=\"200\" srcset=\"https:\/\/hablemosclarotdf.com.ar\/wp-content\/uploads\/2025\/10\/photo_2025-10-30_17-50-42-300x200.jpg 300w, https:\/\/hablemosclarotdf.com.ar\/wp-content\/uploads\/2025\/10\/photo_2025-10-30_17-50-42-1024x682.jpg 1024w, https:\/\/hablemosclarotdf.com.ar\/wp-content\/uploads\/2025\/10\/photo_2025-10-30_17-50-42-768x511.jpg 768w, https:\/\/hablemosclarotdf.com.ar\/wp-content\/uploads\/2025\/10\/photo_2025-10-30_17-50-42.jpg 1280w\" sizes=\"auto, (max-width: 300px) 100vw, 300px\" \/> <img loading=\"lazy\" decoding=\"async\" class=\"alignnone size-medium wp-image-56104\" src=\"https:\/\/hablemosclarotdf.com.ar\/wp-content\/uploads\/2025\/10\/photo_2025-10-30_17-50-45-300x200.jpg\" alt=\"\" width=\"300\" height=\"200\" srcset=\"https:\/\/hablemosclarotdf.com.ar\/wp-content\/uploads\/2025\/10\/photo_2025-10-30_17-50-45-300x200.jpg 300w, https:\/\/hablemosclarotdf.com.ar\/wp-content\/uploads\/2025\/10\/photo_2025-10-30_17-50-45-1024x682.jpg 1024w, https:\/\/hablemosclarotdf.com.ar\/wp-content\/uploads\/2025\/10\/photo_2025-10-30_17-50-45-768x511.jpg 768w, https:\/\/hablemosclarotdf.com.ar\/wp-content\/uploads\/2025\/10\/photo_2025-10-30_17-50-45.jpg 1280w\" sizes=\"auto, (max-width: 300px) 100vw, 300px\" \/> <img loading=\"lazy\" decoding=\"async\" class=\"alignnone size-medium wp-image-56105\" src=\"https:\/\/hablemosclarotdf.com.ar\/wp-content\/uploads\/2025\/10\/photo_2025-10-30_17-50-49-300x200.jpg\" alt=\"\" width=\"300\" height=\"200\" srcset=\"https:\/\/hablemosclarotdf.com.ar\/wp-content\/uploads\/2025\/10\/photo_2025-10-30_17-50-49-300x200.jpg 300w, https:\/\/hablemosclarotdf.com.ar\/wp-content\/uploads\/2025\/10\/photo_2025-10-30_17-50-49-1024x682.jpg 1024w, https:\/\/hablemosclarotdf.com.ar\/wp-content\/uploads\/2025\/10\/photo_2025-10-30_17-50-49-768x511.jpg 768w, https:\/\/hablemosclarotdf.com.ar\/wp-content\/uploads\/2025\/10\/photo_2025-10-30_17-50-49.jpg 1280w\" sizes=\"auto, (max-width: 300px) 100vw, 300px\" \/><\/p>\n","protected":false},"excerpt":{"rendered":"<p>El Municipio de R\u00edo Grande, a trav\u00e9s de la Secretar\u00eda de G\u00e9nero y Desarrollo Comunitario,&#8230;<\/p>\n","protected":false},"author":1,"featured_media":56102,"comment_status":"closed","ping_status":"closed","sticky":false,"template":"","format":"standard","meta":{"footnotes":""},"categories":[3],"tags":[],"class_list":["post-56101","post","type-post","status-publish","format-standard","has-post-thumbnail","hentry","category-noticias"],"jetpack_featured_media_url":"https:\/\/hablemosclarotdf.com.ar\/wp-content\/uploads\/2025\/10\/photo_2025-10-30_17-50-34.jpg","_links":{"self":[{"href":"https:\/\/hablemosclarotdf.com.ar\/index.php?rest_route=\/wp\/v2\/posts\/56101","targetHints":{"allow":["GET"]}}],"collection":[{"href":"https:\/\/hablemosclarotdf.com.ar\/index.php?rest_route=\/wp\/v2\/posts"}],"about":[{"href":"https:\/\/hablemosclarotdf.com.ar\/index.php?rest_route=\/wp\/v2\/types\/post"}],"author":[{"embeddable":true,"href":"https:\/\/hablemosclarotdf.com.ar\/index.php?rest_route=\/wp\/v2\/users\/1"}],"replies":[{"embeddable":true,"href":"https:\/\/hablemosclarotdf.com.ar\/index.php?rest_route=%2Fwp%2Fv2%2Fcomments&post=56101"}],"version-history":[{"count":1,"href":"https:\/\/hablemosclarotdf.com.ar\/index.php?rest_route=\/wp\/v2\/posts\/56101\/revisions"}],"predecessor-version":[{"id":56106,"href":"https:\/\/hablemosclarotdf.com.ar\/index.php?rest_route=\/wp\/v2\/posts\/56101\/revisions\/56106"}],"wp:featuredmedia":[{"embeddable":true,"href":"https:\/\/hablemosclarotdf.com.ar\/index.php?rest_route=\/wp\/v2\/media\/56102"}],"wp:attachment":[{"href":"https:\/\/hablemosclarotdf.com.ar\/index.php?rest_route=%2Fwp%2Fv2%2Fmedia&parent=56101"}],"wp:term":[{"taxonomy":"category","embeddable":true,"href":"https:\/\/hablemosclarotdf.com.ar\/index.php?rest_route=%2Fwp%2Fv2%2Fcategories&post=56101"},{"taxonomy":"post_tag","embeddable":true,"href":"https:\/\/hablemosclarotdf.com.ar\/index.php?rest_route=%2Fwp%2Fv2%2Ftags&post=56101"}],"curies":[{"name":"wp","href":"https:\/\/api.w.org\/{rel}","templated":true}]}}