{"id":56079,"date":"2025-10-30T16:14:27","date_gmt":"2025-10-30T19:14:27","guid":{"rendered":"https:\/\/hablemosclarotdf.com.ar\/?p=56079"},"modified":"2025-10-30T16:14:27","modified_gmt":"2025-10-30T19:14:27","slug":"ushuaia-expo-ambiente-2025-dos-jornadas-para-conocer-aprender-y-conectar","status":"publish","type":"post","link":"https:\/\/hablemosclarotdf.com.ar\/?p=56079","title":{"rendered":"USHUAIA : EXPO AMBIENTE 2025: DOS JORNADAS PARA CONOCER, APRENDER Y CONECTAR"},"content":{"rendered":"<p>La Municipalidad de Ushuaia, a trav\u00e9s de la Secretar\u00eda de Ambiente y Desarrollo Sustentable, invita a vecinos y vecinas a participar de la Expo Ambiente Ushuaia 2025, un espacio de encuentro, aprendizaje y reflexi\u00f3n sobre las acciones que impulsan una ciudad m\u00e1s sustentable.<\/p>\n<p>El evento se llevar\u00e1 a cabo los d\u00edas mi\u00e9rcoles 5 y jueves 6 de noviembre, de 10:00 a 17:00 horas, en el Polideportivo \u201cCochocho\u201d Vargas, con entrada libre y gratuita.<\/p>\n<p>Durante ambas jornadas se podr\u00e1 recorrer el Eco Mercado, donde productores locales presentar\u00e1n propuestas basadas en el consumo responsable y la sostenibilidad. Adem\u00e1s, se contar\u00e1 con la participaci\u00f3n de la Comunidad Educativa y la Universidad Nacional de Tierra del Fuego, Ant\u00e1rtida e Islas del Atl\u00e1ntico Sur (UNTDF), que compartir\u00e1n proyectos e investigaciones vinculadas al cuidado del ambiente.<\/p>\n<p>Uno de los ejes de la Expo ser\u00e1 la Econom\u00eda Circular, con la presencia de recicladores urbanos y la Cooperativa de Recuperaci\u00f3n y Valorizaci\u00f3n de Residuos S\u00f3lidos Urbanos, quienes mostrar\u00e1n su trabajo en la gesti\u00f3n y reutilizaci\u00f3n de materiales.<\/p>\n<p>Asimismo, participar\u00e1n empresas, hoteles, ONGs y la Secretar\u00eda de Ambiente de la Provincia, todos comprometidos con el desarrollo de pr\u00e1cticas m\u00e1s sostenibles y responsables.<\/p>\n<p>El secretario de Ambiente y Desarrollo Sustentable, David Ferreyra destac\u00f3 que \u201cestas jornadas buscan visibilizar el esfuerzo de los distintos actores que trabajan d\u00eda a d\u00eda por un futuro m\u00e1s limpio y consciente, mostrando soluciones locales que contribuyen a hacer de Ushuaia la ciudad que elegimos\u201d.<\/p>\n","protected":false},"excerpt":{"rendered":"<p>La Municipalidad de Ushuaia, a trav\u00e9s de la Secretar\u00eda de Ambiente y Desarrollo Sustentable, invita&#8230;<\/p>\n","protected":false},"author":1,"featured_media":56080,"comment_status":"closed","ping_status":"closed","sticky":false,"template":"","format":"standard","meta":{"footnotes":""},"categories":[3],"tags":[],"class_list":["post-56079","post","type-post","status-publish","format-standard","has-post-thumbnail","hentry","category-noticias"],"jetpack_featured_media_url":"https:\/\/hablemosclarotdf.com.ar\/wp-content\/uploads\/2025\/10\/photo_2025-10-30_16-13-24.jpg","_links":{"self":[{"href":"https:\/\/hablemosclarotdf.com.ar\/index.php?rest_route=\/wp\/v2\/posts\/56079","targetHints":{"allow":["GET"]}}],"collection":[{"href":"https:\/\/hablemosclarotdf.com.ar\/index.php?rest_route=\/wp\/v2\/posts"}],"about":[{"href":"https:\/\/hablemosclarotdf.com.ar\/index.php?rest_route=\/wp\/v2\/types\/post"}],"author":[{"embeddable":true,"href":"https:\/\/hablemosclarotdf.com.ar\/index.php?rest_route=\/wp\/v2\/users\/1"}],"replies":[{"embeddable":true,"href":"https:\/\/hablemosclarotdf.com.ar\/index.php?rest_route=%2Fwp%2Fv2%2Fcomments&post=56079"}],"version-history":[{"count":1,"href":"https:\/\/hablemosclarotdf.com.ar\/index.php?rest_route=\/wp\/v2\/posts\/56079\/revisions"}],"predecessor-version":[{"id":56081,"href":"https:\/\/hablemosclarotdf.com.ar\/index.php?rest_route=\/wp\/v2\/posts\/56079\/revisions\/56081"}],"wp:featuredmedia":[{"embeddable":true,"href":"https:\/\/hablemosclarotdf.com.ar\/index.php?rest_route=\/wp\/v2\/media\/56080"}],"wp:attachment":[{"href":"https:\/\/hablemosclarotdf.com.ar\/index.php?rest_route=%2Fwp%2Fv2%2Fmedia&parent=56079"}],"wp:term":[{"taxonomy":"category","embeddable":true,"href":"https:\/\/hablemosclarotdf.com.ar\/index.php?rest_route=%2Fwp%2Fv2%2Fcategories&post=56079"},{"taxonomy":"post_tag","embeddable":true,"href":"https:\/\/hablemosclarotdf.com.ar\/index.php?rest_route=%2Fwp%2Fv2%2Ftags&post=56079"}],"curies":[{"name":"wp","href":"https:\/\/api.w.org\/{rel}","templated":true}]}}