{"id":56027,"date":"2025-10-30T10:47:15","date_gmt":"2025-10-30T13:47:15","guid":{"rendered":"https:\/\/hablemosclarotdf.com.ar\/?p=56027"},"modified":"2025-10-30T10:47:15","modified_gmt":"2025-10-30T13:47:15","slug":"el-festival-de-moda-patagonica-tussock-arriba-a-ushuaia-con-una-amplia-propuesta","status":"publish","type":"post","link":"https:\/\/hablemosclarotdf.com.ar\/?p=56027","title":{"rendered":"EL FESTIVAL DE MODA PATAG\u00d3NICA \u201cTUSSOCK\u201d ARRIBA A USHUAIA CON UNA AMPLIA PROPUESTA"},"content":{"rendered":"<p>Luego de su exitosa presentaci\u00f3n en R\u00edo Grande en agosto pasado, esta vez, el festival de moda y dise\u00f1o Tussock llega a la ciudad de Ushuaia para ofrecer un conjunto de acciones orientadas a compartir algunas pr\u00e1cticas del dise\u00f1o, el arte y la educaci\u00f3n a trav\u00e9s de la indumentaria con esp\u00edritu patag\u00f3nico.<\/p>\n<p>El festival, coproducido en conjunto con la Secretar\u00eda de Cultura de la Provincia, propone una experiencia colectiva que incluye proyecciones, exhibiciones y charlas en di\u00e1logo con el paisaje, la comunidad y el hacer manual.<\/p>\n<p>La inauguraci\u00f3n se realizar\u00e1 el s\u00e1bado 1 de noviembre a las 19 h. en la Secretar\u00eda de Cultura, ubicada en Deloqui 1465 de la ciudad de Ushuaia. Las actividades se desarrollar\u00e1n desde ese mismo s\u00e1bado hasta el jueves 13 de noviembre, ofreciendo un cronograma diverso:<\/p>\n<p>\u2022 S\u00e1bado 01\/11 &#8211; 17 h.: &#8220;\u00bfC\u00f3mo nace un abrigo?&#8221; (Gob. Deloqui 1465). LINDOR presenta una acci\u00f3n en la que una frazada bordada colectivamente en el taller ser\u00e1 transformada en un abrigo.<\/p>\n<p>\u2022 S\u00e1bado 02\/11 \u2013 19 h.: Inauguraci\u00f3n (Gob. Deloqui 1465). Proyecci\u00f3n de fashion film + exhibici\u00f3n fotogr\u00e1fica y prendas textiles patag\u00f3nicas.<\/p>\n<p>\u2022 Viernes 07\/11 \u2013 19 h.: &#8220;Construir una marca de moda consciente&#8221; (Virtual). La dise\u00f1adora Juliana Garc\u00eda Bello invita a un encuentro online para reflexionar sobre la identidad de marca, el valor y la comunicaci\u00f3n sustentable.<\/p>\n<p>\u2022 Jueves 13\/11 \u2013 19 h.: Charla con dise\u00f1adores (Gob. Deloqui 1465). Un espacio para conocer los procesos creativos, trayectoria e inspiraciones detr\u00e1s de distintas marcas de moda fueguinas. Participan: Fibras del Fin del Mundo, Coihue, Cecilia Almonacid, Garc\u00eda Bello.<\/p>\n<p>Cabe recordar que Tussock naci\u00f3 de la iniciativa de un grupo de trabajadores del dise\u00f1o liderado por la dise\u00f1adora Juliana Garc\u00eda Bello y el productor Valent\u00edn Bernard y que, en su edici\u00f3n anterior realizada en el Muso Fueguino de Arte Nin\u00ed Bernardello, recibi\u00f3 a 400 visitantes y cont\u00f3 con la participaci\u00f3n de alrededor 200 participantes en las distintas actividades.<\/p>\n<p><img loading=\"lazy\" decoding=\"async\" class=\"alignnone size-medium wp-image-56029\" src=\"https:\/\/hablemosclarotdf.com.ar\/wp-content\/uploads\/2025\/10\/photo_2025-10-30_10-44-51-240x300.jpg\" alt=\"\" width=\"240\" height=\"300\" srcset=\"https:\/\/hablemosclarotdf.com.ar\/wp-content\/uploads\/2025\/10\/photo_2025-10-30_10-44-51-240x300.jpg 240w, https:\/\/hablemosclarotdf.com.ar\/wp-content\/uploads\/2025\/10\/photo_2025-10-30_10-44-51-819x1024.jpg 819w, https:\/\/hablemosclarotdf.com.ar\/wp-content\/uploads\/2025\/10\/photo_2025-10-30_10-44-51-768x960.jpg 768w, https:\/\/hablemosclarotdf.com.ar\/wp-content\/uploads\/2025\/10\/photo_2025-10-30_10-44-51.jpg 1024w\" sizes=\"auto, (max-width: 240px) 100vw, 240px\" \/> <img loading=\"lazy\" decoding=\"async\" class=\"alignnone size-medium wp-image-56030\" src=\"https:\/\/hablemosclarotdf.com.ar\/wp-content\/uploads\/2025\/10\/photo_2025-10-30_10-44-59-240x300.jpg\" alt=\"\" width=\"240\" height=\"300\" srcset=\"https:\/\/hablemosclarotdf.com.ar\/wp-content\/uploads\/2025\/10\/photo_2025-10-30_10-44-59-240x300.jpg 240w, https:\/\/hablemosclarotdf.com.ar\/wp-content\/uploads\/2025\/10\/photo_2025-10-30_10-44-59-819x1024.jpg 819w, https:\/\/hablemosclarotdf.com.ar\/wp-content\/uploads\/2025\/10\/photo_2025-10-30_10-44-59-768x960.jpg 768w, https:\/\/hablemosclarotdf.com.ar\/wp-content\/uploads\/2025\/10\/photo_2025-10-30_10-44-59.jpg 1024w\" sizes=\"auto, (max-width: 240px) 100vw, 240px\" \/><\/p>\n","protected":false},"excerpt":{"rendered":"<p>Luego de su exitosa presentaci\u00f3n en R\u00edo Grande en agosto pasado, esta vez, el festival&#8230;<\/p>\n","protected":false},"author":1,"featured_media":56028,"comment_status":"closed","ping_status":"closed","sticky":false,"template":"","format":"standard","meta":{"footnotes":""},"categories":[3],"tags":[],"class_list":["post-56027","post","type-post","status-publish","format-standard","has-post-thumbnail","hentry","category-noticias"],"jetpack_featured_media_url":"https:\/\/hablemosclarotdf.com.ar\/wp-content\/uploads\/2025\/10\/photo_2025-10-30_10-44-33.jpg","_links":{"self":[{"href":"https:\/\/hablemosclarotdf.com.ar\/index.php?rest_route=\/wp\/v2\/posts\/56027","targetHints":{"allow":["GET"]}}],"collection":[{"href":"https:\/\/hablemosclarotdf.com.ar\/index.php?rest_route=\/wp\/v2\/posts"}],"about":[{"href":"https:\/\/hablemosclarotdf.com.ar\/index.php?rest_route=\/wp\/v2\/types\/post"}],"author":[{"embeddable":true,"href":"https:\/\/hablemosclarotdf.com.ar\/index.php?rest_route=\/wp\/v2\/users\/1"}],"replies":[{"embeddable":true,"href":"https:\/\/hablemosclarotdf.com.ar\/index.php?rest_route=%2Fwp%2Fv2%2Fcomments&post=56027"}],"version-history":[{"count":1,"href":"https:\/\/hablemosclarotdf.com.ar\/index.php?rest_route=\/wp\/v2\/posts\/56027\/revisions"}],"predecessor-version":[{"id":56031,"href":"https:\/\/hablemosclarotdf.com.ar\/index.php?rest_route=\/wp\/v2\/posts\/56027\/revisions\/56031"}],"wp:featuredmedia":[{"embeddable":true,"href":"https:\/\/hablemosclarotdf.com.ar\/index.php?rest_route=\/wp\/v2\/media\/56028"}],"wp:attachment":[{"href":"https:\/\/hablemosclarotdf.com.ar\/index.php?rest_route=%2Fwp%2Fv2%2Fmedia&parent=56027"}],"wp:term":[{"taxonomy":"category","embeddable":true,"href":"https:\/\/hablemosclarotdf.com.ar\/index.php?rest_route=%2Fwp%2Fv2%2Fcategories&post=56027"},{"taxonomy":"post_tag","embeddable":true,"href":"https:\/\/hablemosclarotdf.com.ar\/index.php?rest_route=%2Fwp%2Fv2%2Ftags&post=56027"}],"curies":[{"name":"wp","href":"https:\/\/api.w.org\/{rel}","templated":true}]}}