{"id":56024,"date":"2025-10-30T10:42:10","date_gmt":"2025-10-30T13:42:10","guid":{"rendered":"https:\/\/hablemosclarotdf.com.ar\/?p=56024"},"modified":"2025-10-30T10:42:10","modified_gmt":"2025-10-30T13:42:10","slug":"rio-grande-medios-y-salud-mental-el-municipio-impulsa-una-propuesta-formativa-para-periodistas-y-comunicadores","status":"publish","type":"post","link":"https:\/\/hablemosclarotdf.com.ar\/?p=56024","title":{"rendered":"RIO GRANDE : MEDIOS Y SALUD MENTAL: EL MUNICIPIO IMPULSA UNA PROPUESTA FORMATIVA PARA PERIODISTAS Y COMUNICADORES"},"content":{"rendered":"<p>El Municipio de R\u00edo Grande, junto a la Universidad Nacional de La Plata (UNLP) y la Asociaci\u00f3n de Psiquiatras de Argentina (APSA), invita a periodistas, comunicadores y profesionales de los medios, de Tierra del Fuego, a participar del Curso Universitario \u201cAgentes Multiplicadores de Prevenci\u00f3n de Suicidio\u201d. En esta oportunidad, dicha propuesta acad\u00e9mica gratuita brindar\u00e1 un espacio de formaci\u00f3n y reflexi\u00f3n sobre el rol fundamental que cumplen los medios en la construcci\u00f3n de sentidos y en la promoci\u00f3n del cuidado colectivo.<\/p>\n<p>Durante los encuentros se abordar\u00e1n recomendaciones para una comunicaci\u00f3n responsable del suicidio, as\u00ed como buenas pr\u00e1cticas period\u00edsticas que respeten la dignidad de las personas y promuevan el compromiso \u00e9tico con la salud mental. Tambi\u00e9n se profundizar\u00e1 en las implicancias \u00e9ticas y legales que surgen cuando no se cumplen las recomendaciones, en el marco de la Ley Olimpia y la Ley Bel\u00e9n. Asimismo, se trabajar\u00e1 sobre los estereotipos, la violencia est\u00e9tica y las pol\u00edticas de cuidado en salud mental, promoviendo la articulaci\u00f3n entre el derecho a la libertad de expresi\u00f3n y la responsabilidad social del ejercicio comunicativo.<\/p>\n<p>Este m\u00f3dulo est\u00e1 dirigido a trabajadores y trabajadoras de los medios y se transmitir\u00e1 en vivo a trav\u00e9s del canal de YouTube: https:\/\/www.youtube.com\/@ciudadtecnologicarga, posibilitando la participaci\u00f3n tanto presencial como virtual de los interesados.<\/p>\n<p>El quinto m\u00f3dulo se desarrollar\u00e1 el viernes 31 de octubre y el s\u00e1bado 1 de noviembre, con la participaci\u00f3n de destacados profesionales del \u00e1mbito de la comunicaci\u00f3n y la salud mental.<\/p>\n<p>El viernes a las 18 horas expondr\u00e1 el Lic. Fernando Tocho, con la conferencia \u201cMedios de comunicaci\u00f3n, salud mental y prevenci\u00f3n del suicidio\u201d. A las 20 horas, la Lic. Marcela Ojea abordar\u00e1 \u201cRecomendaciones para la comunicaci\u00f3n responsable del suicidio\u201d.<\/p>\n<p>El s\u00e1bado a las 9 horas abrir\u00e1 la jornada la Lic. Lorena Uribe, quien disertar\u00e1 sobre \u201cBuenas pr\u00e1cticas de la comunicaci\u00f3n\u201d. A las 10 horas, la Lic. Andrea Ciliberto presentar\u00e1 \u201cLibertad de expresi\u00f3n y salud mental. Qu\u00e9 pasa cuando no se cumplen las leyes\u201d. Luego, a las 11 horas, la Lic. Luc\u00eda Vaccarezza abordar\u00e1 \u201cMedios de comunicaci\u00f3n, estereotipos y violencia est\u00e9tica\u201d, y finalmente, a las 12 horas, la Lic. Paula Gigliotti cerrar\u00e1 con la exposici\u00f3n \u201cNoci\u00f3n de cuidados y cuidados en la adolescencia\u201d.<\/p>\n<p>Los principales ejes de trabajo incluyen el abordaje del v\u00ednculo entre los medios de comunicaci\u00f3n, la salud mental y la prevenci\u00f3n del suicidio; las recomendaciones y buenas pr\u00e1cticas para una comunicaci\u00f3n responsable que respete la dignidad de las personas; y la reflexi\u00f3n sobre la libertad de expresi\u00f3n y la salud mental, con especial atenci\u00f3n a las implicancias que surgen cuando no se cumplen las recomendaciones, en el marco de la Ley Olimpia y la Ley Bel\u00e9n. Tambi\u00e9n se analizar\u00e1n los estereotipos y la violencia est\u00e9tica en los medios, y se promover\u00e1n pol\u00edticas de cuidado que fortalezcan el compromiso social con la salud mental comunitaria.<\/p>\n<p>Esta iniciativa propone fortalecer el compromiso de los medios de comunicaci\u00f3n con la salud mental comunitaria y contribuir a la construcci\u00f3n de mensajes responsables, emp\u00e1ticos y respetuosos de la vida.<\/p>\n<p>YouTube (https:\/\/www.youtube.com\/@ciudadtecnologicarga)<br \/>\nCiudad Tecnol\u00f3gica RGA<br \/>\nShare your videos with friends, family, and the world<\/p>\n","protected":false},"excerpt":{"rendered":"<p>El Municipio de R\u00edo Grande, junto a la Universidad Nacional de La Plata (UNLP) y&#8230;<\/p>\n","protected":false},"author":1,"featured_media":56025,"comment_status":"closed","ping_status":"closed","sticky":false,"template":"","format":"standard","meta":{"footnotes":""},"categories":[3],"tags":[],"class_list":["post-56024","post","type-post","status-publish","format-standard","has-post-thumbnail","hentry","category-noticias"],"jetpack_featured_media_url":"https:\/\/hablemosclarotdf.com.ar\/wp-content\/uploads\/2025\/10\/photo_2025-10-30_10-40-42.jpg","_links":{"self":[{"href":"https:\/\/hablemosclarotdf.com.ar\/index.php?rest_route=\/wp\/v2\/posts\/56024","targetHints":{"allow":["GET"]}}],"collection":[{"href":"https:\/\/hablemosclarotdf.com.ar\/index.php?rest_route=\/wp\/v2\/posts"}],"about":[{"href":"https:\/\/hablemosclarotdf.com.ar\/index.php?rest_route=\/wp\/v2\/types\/post"}],"author":[{"embeddable":true,"href":"https:\/\/hablemosclarotdf.com.ar\/index.php?rest_route=\/wp\/v2\/users\/1"}],"replies":[{"embeddable":true,"href":"https:\/\/hablemosclarotdf.com.ar\/index.php?rest_route=%2Fwp%2Fv2%2Fcomments&post=56024"}],"version-history":[{"count":1,"href":"https:\/\/hablemosclarotdf.com.ar\/index.php?rest_route=\/wp\/v2\/posts\/56024\/revisions"}],"predecessor-version":[{"id":56026,"href":"https:\/\/hablemosclarotdf.com.ar\/index.php?rest_route=\/wp\/v2\/posts\/56024\/revisions\/56026"}],"wp:featuredmedia":[{"embeddable":true,"href":"https:\/\/hablemosclarotdf.com.ar\/index.php?rest_route=\/wp\/v2\/media\/56025"}],"wp:attachment":[{"href":"https:\/\/hablemosclarotdf.com.ar\/index.php?rest_route=%2Fwp%2Fv2%2Fmedia&parent=56024"}],"wp:term":[{"taxonomy":"category","embeddable":true,"href":"https:\/\/hablemosclarotdf.com.ar\/index.php?rest_route=%2Fwp%2Fv2%2Fcategories&post=56024"},{"taxonomy":"post_tag","embeddable":true,"href":"https:\/\/hablemosclarotdf.com.ar\/index.php?rest_route=%2Fwp%2Fv2%2Ftags&post=56024"}],"curies":[{"name":"wp","href":"https:\/\/api.w.org\/{rel}","templated":true}]}}