{"id":55978,"date":"2025-10-29T16:19:35","date_gmt":"2025-10-29T19:19:35","guid":{"rendered":"https:\/\/hablemosclarotdf.com.ar\/?p=55978"},"modified":"2025-10-29T16:19:35","modified_gmt":"2025-10-29T19:19:35","slug":"rio-grande-participa-en-los-talleres-tecnologicos","status":"publish","type":"post","link":"https:\/\/hablemosclarotdf.com.ar\/?p=55978","title":{"rendered":"RIO GRANDE : PARTICIP\u00c1 EN LOS TALLERES TECNOL\u00d3GICOS"},"content":{"rendered":"<p>A trav\u00e9s de la Academia de Artes y Oficios Digitales, el Municipio invita a los vecinos y vecinas a participar de las diferentes propuestas que se desarrollan en el Espacio Tecnol\u00f3gico y en el Centro de Formaci\u00f3n Laboral y Tecnol\u00f3gica de Zona Sur. Bajo la gesti\u00f3n del intendente Mart\u00edn Perez, se contin\u00faa impulsando la innovaci\u00f3n, la formaci\u00f3n y el desarrollo tecnol\u00f3gico en todos los barrios.<\/p>\n<p>Los talleres est\u00e1n destinados a personas a partir de los 5 a\u00f1os y sin l\u00edmite de edad, con una amplia oferta que incluye rob\u00f3tica, impresi\u00f3n 3D, programaci\u00f3n, inform\u00e1tica, dise\u00f1o gr\u00e1fico, entre otras herramientas clave para fortalecer el v\u00ednculo con el mundo digital.<\/p>\n<p>Las clases se dictan en el Espacio Tecnol\u00f3gico (Pellegrini 520) y en el Centro de Formaci\u00f3n Laboral y Tecnol\u00f3gica de Zona Sur (Portol\u00e1n 460).<\/p>\n<p>Quienes quieran participar pueden inscribirse a trav\u00e9s del siguiente enlace: https:\/\/ciudadtecnologica.riogrande.gob.ar\/inscripciones. Por dudas o consultas, pueden acercarse personalmente a los espacios mencionados.<\/p>\n<p>Con estas iniciativas, el Estado Municipal sigue consolidando a R\u00edo Grande como ciudad tecnol\u00f3gica y del conocimiento, garantizando espacios de formaci\u00f3n digital y acceso a la innovaci\u00f3n para toda la comunidad.<\/p>\n<p><img loading=\"lazy\" decoding=\"async\" class=\"alignnone size-medium wp-image-55980\" src=\"https:\/\/hablemosclarotdf.com.ar\/wp-content\/uploads\/2025\/10\/photo_2025-10-29_16-17-21-300x200.jpg\" alt=\"\" width=\"300\" height=\"200\" srcset=\"https:\/\/hablemosclarotdf.com.ar\/wp-content\/uploads\/2025\/10\/photo_2025-10-29_16-17-21-300x200.jpg 300w, https:\/\/hablemosclarotdf.com.ar\/wp-content\/uploads\/2025\/10\/photo_2025-10-29_16-17-21-768x512.jpg 768w, https:\/\/hablemosclarotdf.com.ar\/wp-content\/uploads\/2025\/10\/photo_2025-10-29_16-17-21.jpg 800w\" sizes=\"auto, (max-width: 300px) 100vw, 300px\" \/><\/p>\n","protected":false},"excerpt":{"rendered":"<p>A trav\u00e9s de la Academia de Artes y Oficios Digitales, el Municipio invita a los&#8230;<\/p>\n","protected":false},"author":1,"featured_media":55979,"comment_status":"closed","ping_status":"closed","sticky":false,"template":"","format":"standard","meta":{"footnotes":""},"categories":[3],"tags":[],"class_list":["post-55978","post","type-post","status-publish","format-standard","has-post-thumbnail","hentry","category-noticias"],"jetpack_featured_media_url":"https:\/\/hablemosclarotdf.com.ar\/wp-content\/uploads\/2025\/10\/photo_2025-10-29_16-16-35.jpg","_links":{"self":[{"href":"https:\/\/hablemosclarotdf.com.ar\/index.php?rest_route=\/wp\/v2\/posts\/55978","targetHints":{"allow":["GET"]}}],"collection":[{"href":"https:\/\/hablemosclarotdf.com.ar\/index.php?rest_route=\/wp\/v2\/posts"}],"about":[{"href":"https:\/\/hablemosclarotdf.com.ar\/index.php?rest_route=\/wp\/v2\/types\/post"}],"author":[{"embeddable":true,"href":"https:\/\/hablemosclarotdf.com.ar\/index.php?rest_route=\/wp\/v2\/users\/1"}],"replies":[{"embeddable":true,"href":"https:\/\/hablemosclarotdf.com.ar\/index.php?rest_route=%2Fwp%2Fv2%2Fcomments&post=55978"}],"version-history":[{"count":1,"href":"https:\/\/hablemosclarotdf.com.ar\/index.php?rest_route=\/wp\/v2\/posts\/55978\/revisions"}],"predecessor-version":[{"id":55981,"href":"https:\/\/hablemosclarotdf.com.ar\/index.php?rest_route=\/wp\/v2\/posts\/55978\/revisions\/55981"}],"wp:featuredmedia":[{"embeddable":true,"href":"https:\/\/hablemosclarotdf.com.ar\/index.php?rest_route=\/wp\/v2\/media\/55979"}],"wp:attachment":[{"href":"https:\/\/hablemosclarotdf.com.ar\/index.php?rest_route=%2Fwp%2Fv2%2Fmedia&parent=55978"}],"wp:term":[{"taxonomy":"category","embeddable":true,"href":"https:\/\/hablemosclarotdf.com.ar\/index.php?rest_route=%2Fwp%2Fv2%2Fcategories&post=55978"},{"taxonomy":"post_tag","embeddable":true,"href":"https:\/\/hablemosclarotdf.com.ar\/index.php?rest_route=%2Fwp%2Fv2%2Ftags&post=55978"}],"curies":[{"name":"wp","href":"https:\/\/api.w.org\/{rel}","templated":true}]}}