{"id":55854,"date":"2025-10-28T16:19:08","date_gmt":"2025-10-28T19:19:08","guid":{"rendered":"https:\/\/hablemosclarotdf.com.ar\/?p=55854"},"modified":"2025-10-28T16:19:08","modified_gmt":"2025-10-28T19:19:08","slug":"tierra-del-fuego-dio-un-paso-historico-hacia-una-democracia-mas-inclusiva","status":"publish","type":"post","link":"https:\/\/hablemosclarotdf.com.ar\/?p=55854","title":{"rendered":"TIERRA DEL FUEGO DIO UN PASO HIST\u00d3RICO HACIA UNA DEMOCRACIA M\u00c1S INCLUSIVA"},"content":{"rendered":"<p>La provincia de Tierra del Fuego, Ant\u00e1rtida e Islas del Atl\u00e1ntico Sur implement\u00f3 por primera vez un sistema de voto accesible que garantiza la autonom\u00eda y participaci\u00f3n plena de las personas con discapacidad en el proceso electoral.<\/p>\n<p>Durante las elecciones del pasado domingo, en un trabajo articulado entre la Junta Electoral y el Gobierno de la provincia a trav\u00e9s de la Secretar\u00eda de Discapacidad del Ministerio de Bienestar Ciudadano y Justicia, docentes del C.A.A.D. y la Escuela Especial N.\u00ba 1 \u201cKayu Chenen\u201d se implement\u00f3 como prueba piloto el uso de una Plantilla Gu\u00eda 3D para la Boleta \u00danica Papel (BUP), una herramienta que permite a las personas con discapacidad visual emitir su voto de manera segura y confidencial.<\/p>\n<p>La plantilla 3D se implement\u00f3 en tres colegios de Ushuaia, cuatro de R\u00edo Grande y dos de Tolhuin, y estuvo acompa\u00f1ada por carteler\u00eda accesible con c\u00f3digo QR que permiti\u00f3 acceder a una audiogu\u00eda explicativa sobre su uso y la oferta electoral disponible.<\/p>\n<p>La secretaria de Discapacidad, Stella Maris Sotelo expres\u00f3 que \u201cnos sentimos profundamente orgullosos de acompa\u00f1ar estas iniciativas fundamentales que marcan un antes y un despu\u00e9s en la accesibilidad electoral de nuestra provincia. La inclusi\u00f3n no se declama, se construye con pol\u00edticas concretas y sostenidas que garanticen igualdad de condiciones para todos\u201d.<\/p>\n<p>En la jornada democr\u00e1tica personas con discapacidad tambi\u00e9n participaron como autoridades de mesa, reafirmando el compromiso de Tierra del Fuego con una democracia participativa, diversa y en igualdad de condiciones. La provincia se consolida as\u00ed como una de las primeras del pa\u00eds en implementar herramientas de voto accesible, en l\u00ednea con los principios de la Convenci\u00f3n sobre los Derechos de las Personas con Discapacidad.<\/p>\n<p><img loading=\"lazy\" decoding=\"async\" class=\"alignnone size-medium wp-image-55856\" src=\"https:\/\/hablemosclarotdf.com.ar\/wp-content\/uploads\/2025\/10\/photo_2025-10-28_16-15-44-300x200.jpg\" alt=\"\" width=\"300\" height=\"200\" srcset=\"https:\/\/hablemosclarotdf.com.ar\/wp-content\/uploads\/2025\/10\/photo_2025-10-28_16-15-44-300x200.jpg 300w, https:\/\/hablemosclarotdf.com.ar\/wp-content\/uploads\/2025\/10\/photo_2025-10-28_16-15-44-1024x682.jpg 1024w, https:\/\/hablemosclarotdf.com.ar\/wp-content\/uploads\/2025\/10\/photo_2025-10-28_16-15-44-768x512.jpg 768w, https:\/\/hablemosclarotdf.com.ar\/wp-content\/uploads\/2025\/10\/photo_2025-10-28_16-15-44.jpg 1280w\" sizes=\"auto, (max-width: 300px) 100vw, 300px\" \/> <img loading=\"lazy\" decoding=\"async\" class=\"alignnone size-medium wp-image-55857\" src=\"https:\/\/hablemosclarotdf.com.ar\/wp-content\/uploads\/2025\/10\/photo_2025-10-28_16-15-48-300x200.jpg\" alt=\"\" width=\"300\" height=\"200\" srcset=\"https:\/\/hablemosclarotdf.com.ar\/wp-content\/uploads\/2025\/10\/photo_2025-10-28_16-15-48-300x200.jpg 300w, https:\/\/hablemosclarotdf.com.ar\/wp-content\/uploads\/2025\/10\/photo_2025-10-28_16-15-48-1024x684.jpg 1024w, https:\/\/hablemosclarotdf.com.ar\/wp-content\/uploads\/2025\/10\/photo_2025-10-28_16-15-48-768x513.jpg 768w, https:\/\/hablemosclarotdf.com.ar\/wp-content\/uploads\/2025\/10\/photo_2025-10-28_16-15-48.jpg 1280w\" sizes=\"auto, (max-width: 300px) 100vw, 300px\" \/> <img loading=\"lazy\" decoding=\"async\" class=\"alignnone size-medium wp-image-55858\" src=\"https:\/\/hablemosclarotdf.com.ar\/wp-content\/uploads\/2025\/10\/photo_2025-10-28_16-15-54-300x200.jpg\" alt=\"\" width=\"300\" height=\"200\" srcset=\"https:\/\/hablemosclarotdf.com.ar\/wp-content\/uploads\/2025\/10\/photo_2025-10-28_16-15-54-300x200.jpg 300w, https:\/\/hablemosclarotdf.com.ar\/wp-content\/uploads\/2025\/10\/photo_2025-10-28_16-15-54-1024x684.jpg 1024w, https:\/\/hablemosclarotdf.com.ar\/wp-content\/uploads\/2025\/10\/photo_2025-10-28_16-15-54-768x513.jpg 768w, https:\/\/hablemosclarotdf.com.ar\/wp-content\/uploads\/2025\/10\/photo_2025-10-28_16-15-54.jpg 1280w\" sizes=\"auto, (max-width: 300px) 100vw, 300px\" \/> <img loading=\"lazy\" decoding=\"async\" class=\"alignnone size-medium wp-image-55859\" src=\"https:\/\/hablemosclarotdf.com.ar\/wp-content\/uploads\/2025\/10\/photo_2025-10-28_16-16-12-300x200.jpg\" alt=\"\" width=\"300\" height=\"200\" srcset=\"https:\/\/hablemosclarotdf.com.ar\/wp-content\/uploads\/2025\/10\/photo_2025-10-28_16-16-12-300x200.jpg 300w, https:\/\/hablemosclarotdf.com.ar\/wp-content\/uploads\/2025\/10\/photo_2025-10-28_16-16-12-1024x684.jpg 1024w, https:\/\/hablemosclarotdf.com.ar\/wp-content\/uploads\/2025\/10\/photo_2025-10-28_16-16-12-768x513.jpg 768w, https:\/\/hablemosclarotdf.com.ar\/wp-content\/uploads\/2025\/10\/photo_2025-10-28_16-16-12.jpg 1280w\" sizes=\"auto, (max-width: 300px) 100vw, 300px\" \/> <img loading=\"lazy\" decoding=\"async\" class=\"alignnone size-medium wp-image-55860\" src=\"https:\/\/hablemosclarotdf.com.ar\/wp-content\/uploads\/2025\/10\/photo_2025-10-28_16-16-23-300x200.jpg\" alt=\"\" width=\"300\" height=\"200\" srcset=\"https:\/\/hablemosclarotdf.com.ar\/wp-content\/uploads\/2025\/10\/photo_2025-10-28_16-16-23-300x200.jpg 300w, https:\/\/hablemosclarotdf.com.ar\/wp-content\/uploads\/2025\/10\/photo_2025-10-28_16-16-23-1024x684.jpg 1024w, https:\/\/hablemosclarotdf.com.ar\/wp-content\/uploads\/2025\/10\/photo_2025-10-28_16-16-23-768x513.jpg 768w, https:\/\/hablemosclarotdf.com.ar\/wp-content\/uploads\/2025\/10\/photo_2025-10-28_16-16-23.jpg 1280w\" sizes=\"auto, (max-width: 300px) 100vw, 300px\" \/><\/p>\n","protected":false},"excerpt":{"rendered":"<p>La provincia de Tierra del Fuego, Ant\u00e1rtida e Islas del Atl\u00e1ntico Sur implement\u00f3 por primera&#8230;<\/p>\n","protected":false},"author":1,"featured_media":55855,"comment_status":"closed","ping_status":"closed","sticky":false,"template":"","format":"standard","meta":{"footnotes":""},"categories":[3],"tags":[],"class_list":["post-55854","post","type-post","status-publish","format-standard","has-post-thumbnail","hentry","category-noticias"],"jetpack_featured_media_url":"https:\/\/hablemosclarotdf.com.ar\/wp-content\/uploads\/2025\/10\/photo_2025-10-28_16-15-40.jpg","_links":{"self":[{"href":"https:\/\/hablemosclarotdf.com.ar\/index.php?rest_route=\/wp\/v2\/posts\/55854","targetHints":{"allow":["GET"]}}],"collection":[{"href":"https:\/\/hablemosclarotdf.com.ar\/index.php?rest_route=\/wp\/v2\/posts"}],"about":[{"href":"https:\/\/hablemosclarotdf.com.ar\/index.php?rest_route=\/wp\/v2\/types\/post"}],"author":[{"embeddable":true,"href":"https:\/\/hablemosclarotdf.com.ar\/index.php?rest_route=\/wp\/v2\/users\/1"}],"replies":[{"embeddable":true,"href":"https:\/\/hablemosclarotdf.com.ar\/index.php?rest_route=%2Fwp%2Fv2%2Fcomments&post=55854"}],"version-history":[{"count":1,"href":"https:\/\/hablemosclarotdf.com.ar\/index.php?rest_route=\/wp\/v2\/posts\/55854\/revisions"}],"predecessor-version":[{"id":55861,"href":"https:\/\/hablemosclarotdf.com.ar\/index.php?rest_route=\/wp\/v2\/posts\/55854\/revisions\/55861"}],"wp:featuredmedia":[{"embeddable":true,"href":"https:\/\/hablemosclarotdf.com.ar\/index.php?rest_route=\/wp\/v2\/media\/55855"}],"wp:attachment":[{"href":"https:\/\/hablemosclarotdf.com.ar\/index.php?rest_route=%2Fwp%2Fv2%2Fmedia&parent=55854"}],"wp:term":[{"taxonomy":"category","embeddable":true,"href":"https:\/\/hablemosclarotdf.com.ar\/index.php?rest_route=%2Fwp%2Fv2%2Fcategories&post=55854"},{"taxonomy":"post_tag","embeddable":true,"href":"https:\/\/hablemosclarotdf.com.ar\/index.php?rest_route=%2Fwp%2Fv2%2Ftags&post=55854"}],"curies":[{"name":"wp","href":"https:\/\/api.w.org\/{rel}","templated":true}]}}