{"id":55841,"date":"2025-10-28T15:19:20","date_gmt":"2025-10-28T18:19:20","guid":{"rendered":"https:\/\/hablemosclarotdf.com.ar\/?p=55841"},"modified":"2025-10-28T15:19:20","modified_gmt":"2025-10-28T18:19:20","slug":"rio-grande-este-fin-de-semana-vivira-el-pre-cosquin-2026","status":"publish","type":"post","link":"https:\/\/hablemosclarotdf.com.ar\/?p=55841","title":{"rendered":"RIO GRANDE : ESTE FIN DE SEMANA  VIVIR\u00c1 EL \u201cPRE COSQU\u00cdN 2026\u201d"},"content":{"rendered":"<p>El evento se realizar\u00e1 este s\u00e1bado 1\u00b0 y domingo 2 de noviembre, desde las 20 horas, en la Casa de la Cultura (Elcano 179). Cabe destacar que el Municipio ha extendido las inscripciones hasta este jueves 30 de octubre para que los y las artistas de la regi\u00f3n puedan formar parte de la etapa preliminar del mayor festival de folklore.<\/p>\n<p>El Municipio de R\u00edo Grande invita a las familias de la ciudad a presenciar la 54\u00b0 edici\u00f3n del Pre Cosqu\u00edn 2026 que se desarrollar\u00e1 este s\u00e1bado 26 y domingo 27, a partir de las 20 horas, en la emblem\u00e1tica Casa de la Cultura, la cual est\u00e1 ubicada en Elcano 179.<\/p>\n<p>Se trata de la etapa preliminar del mayor festival de folklore. El s\u00e1bado se presentar\u00e1n las y los artistas del rubro m\u00fasica, mientras que el domingo har\u00e1n lo propio bailarinas y bailarines de la regi\u00f3n. Adem\u00e1s, contar\u00e1 con jurados de una amplia y reconocida trayectoria en el mundo de la danza como de la m\u00fasica folkl\u00f3rica y con un veedor que fiscalizar\u00e1 por parte del Festival.<\/p>\n<p>Por ello, el Estado Municipal ha extendido las inscripciones hasta este jueves 30 de octubre. Quienes quieran participar podr\u00e1n registrarse mediante el siguiente link: https:\/\/cultura.riogrande.gob.ar\/, donde encontrar\u00e1n el enlace para completar el formulario con los datos y las bases y condiciones.<\/p>\n<p>Es importante mencionar que, como en ediciones anteriores, a los y las ganadoras que viajen a Cosqu\u00edn se les ofrecer\u00e1 alojamiento en un hotel que dispone de sala de ensayo, comidas, seguro m\u00e9dico y personal que se encargar\u00e1 exclusivamente de su acreditaci\u00f3n.<\/p>\n<p>A trav\u00e9s de estas pol\u00edticas, el Municipio, mediante la Subsecretar\u00eda de Cultura, acompa\u00f1a a las y los artistas que representan a nuestra ciudad y que difunden la cultura riograndense.<\/p>\n","protected":false},"excerpt":{"rendered":"<p>El evento se realizar\u00e1 este s\u00e1bado 1\u00b0 y domingo 2 de noviembre, desde las 20&#8230;<\/p>\n","protected":false},"author":1,"featured_media":55842,"comment_status":"closed","ping_status":"closed","sticky":false,"template":"","format":"standard","meta":{"footnotes":""},"categories":[3],"tags":[],"class_list":["post-55841","post","type-post","status-publish","format-standard","has-post-thumbnail","hentry","category-noticias"],"jetpack_featured_media_url":"https:\/\/hablemosclarotdf.com.ar\/wp-content\/uploads\/2025\/10\/photo_2025-10-28_15-18-35.jpg","_links":{"self":[{"href":"https:\/\/hablemosclarotdf.com.ar\/index.php?rest_route=\/wp\/v2\/posts\/55841","targetHints":{"allow":["GET"]}}],"collection":[{"href":"https:\/\/hablemosclarotdf.com.ar\/index.php?rest_route=\/wp\/v2\/posts"}],"about":[{"href":"https:\/\/hablemosclarotdf.com.ar\/index.php?rest_route=\/wp\/v2\/types\/post"}],"author":[{"embeddable":true,"href":"https:\/\/hablemosclarotdf.com.ar\/index.php?rest_route=\/wp\/v2\/users\/1"}],"replies":[{"embeddable":true,"href":"https:\/\/hablemosclarotdf.com.ar\/index.php?rest_route=%2Fwp%2Fv2%2Fcomments&post=55841"}],"version-history":[{"count":1,"href":"https:\/\/hablemosclarotdf.com.ar\/index.php?rest_route=\/wp\/v2\/posts\/55841\/revisions"}],"predecessor-version":[{"id":55843,"href":"https:\/\/hablemosclarotdf.com.ar\/index.php?rest_route=\/wp\/v2\/posts\/55841\/revisions\/55843"}],"wp:featuredmedia":[{"embeddable":true,"href":"https:\/\/hablemosclarotdf.com.ar\/index.php?rest_route=\/wp\/v2\/media\/55842"}],"wp:attachment":[{"href":"https:\/\/hablemosclarotdf.com.ar\/index.php?rest_route=%2Fwp%2Fv2%2Fmedia&parent=55841"}],"wp:term":[{"taxonomy":"category","embeddable":true,"href":"https:\/\/hablemosclarotdf.com.ar\/index.php?rest_route=%2Fwp%2Fv2%2Fcategories&post=55841"},{"taxonomy":"post_tag","embeddable":true,"href":"https:\/\/hablemosclarotdf.com.ar\/index.php?rest_route=%2Fwp%2Fv2%2Ftags&post=55841"}],"curies":[{"name":"wp","href":"https:\/\/api.w.org\/{rel}","templated":true}]}}