{"id":55832,"date":"2025-10-28T12:19:05","date_gmt":"2025-10-28T15:19:05","guid":{"rendered":"https:\/\/hablemosclarotdf.com.ar\/?p=55832"},"modified":"2025-10-28T12:19:05","modified_gmt":"2025-10-28T15:19:05","slug":"no-se-detecto-perdida-de-gas-en-la-escuela-no-32","status":"publish","type":"post","link":"https:\/\/hablemosclarotdf.com.ar\/?p=55832","title":{"rendered":"NO SE DETECT\u00d3 P\u00c9RDIDA DE GAS EN LA ESCUELA N\u00ba 32"},"content":{"rendered":"<p>El Ministerio de Educaci\u00f3n de la Provincia informa que a solicitud del cuerpo directivo de la Escuela N\u00ba 32 de la ciudad de R\u00edo Grande personal de Camuzzi se acerc\u00f3 al edificio y realiz\u00f3 una comprobaci\u00f3n exhaustiva y prueba de hermeticidad de las instalaciones de gas.<\/p>\n<p>No se detect\u00f3 ninguna p\u00e9rdida o anomal\u00eda por lo cual las actividades de la tarde se desarrollar\u00e1n con normalidad.<\/p>\n<p>La decisi\u00f3n de evacuaci\u00f3n de alumnos y docentes de la ma\u00f1ana se produjo a partir de una decisi\u00f3n preventiva del cuerpo directivo de la escuela.<\/p>\n","protected":false},"excerpt":{"rendered":"<p>El Ministerio de Educaci\u00f3n de la Provincia informa que a solicitud del cuerpo directivo de&#8230;<\/p>\n","protected":false},"author":1,"featured_media":55833,"comment_status":"closed","ping_status":"closed","sticky":false,"template":"","format":"standard","meta":{"footnotes":""},"categories":[3],"tags":[],"class_list":["post-55832","post","type-post","status-publish","format-standard","has-post-thumbnail","hentry","category-noticias"],"jetpack_featured_media_url":"https:\/\/hablemosclarotdf.com.ar\/wp-content\/uploads\/2025\/10\/photo_2025-10-28_12-17-44.jpg","_links":{"self":[{"href":"https:\/\/hablemosclarotdf.com.ar\/index.php?rest_route=\/wp\/v2\/posts\/55832","targetHints":{"allow":["GET"]}}],"collection":[{"href":"https:\/\/hablemosclarotdf.com.ar\/index.php?rest_route=\/wp\/v2\/posts"}],"about":[{"href":"https:\/\/hablemosclarotdf.com.ar\/index.php?rest_route=\/wp\/v2\/types\/post"}],"author":[{"embeddable":true,"href":"https:\/\/hablemosclarotdf.com.ar\/index.php?rest_route=\/wp\/v2\/users\/1"}],"replies":[{"embeddable":true,"href":"https:\/\/hablemosclarotdf.com.ar\/index.php?rest_route=%2Fwp%2Fv2%2Fcomments&post=55832"}],"version-history":[{"count":1,"href":"https:\/\/hablemosclarotdf.com.ar\/index.php?rest_route=\/wp\/v2\/posts\/55832\/revisions"}],"predecessor-version":[{"id":55834,"href":"https:\/\/hablemosclarotdf.com.ar\/index.php?rest_route=\/wp\/v2\/posts\/55832\/revisions\/55834"}],"wp:featuredmedia":[{"embeddable":true,"href":"https:\/\/hablemosclarotdf.com.ar\/index.php?rest_route=\/wp\/v2\/media\/55833"}],"wp:attachment":[{"href":"https:\/\/hablemosclarotdf.com.ar\/index.php?rest_route=%2Fwp%2Fv2%2Fmedia&parent=55832"}],"wp:term":[{"taxonomy":"category","embeddable":true,"href":"https:\/\/hablemosclarotdf.com.ar\/index.php?rest_route=%2Fwp%2Fv2%2Fcategories&post=55832"},{"taxonomy":"post_tag","embeddable":true,"href":"https:\/\/hablemosclarotdf.com.ar\/index.php?rest_route=%2Fwp%2Fv2%2Ftags&post=55832"}],"curies":[{"name":"wp","href":"https:\/\/api.w.org\/{rel}","templated":true}]}}