{"id":55829,"date":"2025-10-28T12:17:25","date_gmt":"2025-10-28T15:17:25","guid":{"rendered":"https:\/\/hablemosclarotdf.com.ar\/?p=55829"},"modified":"2025-10-28T12:17:25","modified_gmt":"2025-10-28T15:17:25","slug":"en-el-mes-de-la-educacion-inclusiva-se-llevara-adelante-la-jornada-nosotros-tenemos-la-palabra","status":"publish","type":"post","link":"https:\/\/hablemosclarotdf.com.ar\/?p=55829","title":{"rendered":"EN EL MES DE LA EDUCACI\u00d3N INCLUSIVA SE LLEVAR\u00c1 ADELANTE LA JORNADA \u201cNOSOTROS TENEMOS LA PALABRA\u201d"},"content":{"rendered":"<p>En el marco del Mes de la Educaci\u00f3n Inclusiva, el Ministerio de Educaci\u00f3n de Tierra del Fuego, AeIAS llevar\u00e1 adelante la Jornada \u201cNosotros tenemos la palabra\u201d, una instancia destinada al p\u00fablico en general para dialogar sobre las pol\u00edticas de inclusi\u00f3n, donde pondr\u00e1n voz docentes y estudiantes de instituciones de la modalidad de educaci\u00f3n especial y personas con discapacidad.<\/p>\n<p>Se realizar\u00e1 en primera instancia en la ciudad de R\u00edo Grande este jueves 30 de octubre en el Centro Cultural Yaganes a las 9:30 horas. En tanto en la ciudad de Ushuaia se desarrollar\u00e1 el mi\u00e9rcoles 12 de noviembre en el IPRA, en el mismo horario.<\/p>\n<p>Con el lema \u201cNada de nosotros sin nosotros\u201d se dialogar\u00e1 en torno a la Convenci\u00f3n sobre los Derechos de las Personas con Discapacidad y se abordar\u00e1n ejes como: Mundo del Trabajo, Educaci\u00f3n, Proyecto de Vida y Deporte.<\/p>\n<p>Las y los interesados en participar podr\u00e1n hacerlo con inscripci\u00f3n previa a trav\u00e9s del link<\/p>\n<p>https:\/\/forms.gle\/hJpAAAEBfpqjdCaR7<\/p>\n<p>Desde la Direcci\u00f3n Provincial de Educaci\u00f3n Inclusiva se invita a la comunidad a participar de la actividad remarcando la importancia de escuchar al propio colectivo y sus consideraciones, ya que son quienes conocen de primera mano las barreras sociales. Sus aportes son fundamentales para orientar las pol\u00edticas p\u00fablicas que la provincia necesita, siendo un punto de partida para transformar el modo en que es pensada la inclusi\u00f3n como una responsabilidad colectiva que se construye todos los d\u00edas con escucha, con empat\u00eda y sobre todo, con acciones concretas.<\/p>\n","protected":false},"excerpt":{"rendered":"<p>En el marco del Mes de la Educaci\u00f3n Inclusiva, el Ministerio de Educaci\u00f3n de Tierra&#8230;<\/p>\n","protected":false},"author":1,"featured_media":55830,"comment_status":"closed","ping_status":"closed","sticky":false,"template":"","format":"standard","meta":{"footnotes":""},"categories":[3],"tags":[],"class_list":["post-55829","post","type-post","status-publish","format-standard","has-post-thumbnail","hentry","category-noticias"],"jetpack_featured_media_url":"https:\/\/hablemosclarotdf.com.ar\/wp-content\/uploads\/2025\/10\/photo_2025-10-28_12-16-48.jpg","_links":{"self":[{"href":"https:\/\/hablemosclarotdf.com.ar\/index.php?rest_route=\/wp\/v2\/posts\/55829","targetHints":{"allow":["GET"]}}],"collection":[{"href":"https:\/\/hablemosclarotdf.com.ar\/index.php?rest_route=\/wp\/v2\/posts"}],"about":[{"href":"https:\/\/hablemosclarotdf.com.ar\/index.php?rest_route=\/wp\/v2\/types\/post"}],"author":[{"embeddable":true,"href":"https:\/\/hablemosclarotdf.com.ar\/index.php?rest_route=\/wp\/v2\/users\/1"}],"replies":[{"embeddable":true,"href":"https:\/\/hablemosclarotdf.com.ar\/index.php?rest_route=%2Fwp%2Fv2%2Fcomments&post=55829"}],"version-history":[{"count":1,"href":"https:\/\/hablemosclarotdf.com.ar\/index.php?rest_route=\/wp\/v2\/posts\/55829\/revisions"}],"predecessor-version":[{"id":55831,"href":"https:\/\/hablemosclarotdf.com.ar\/index.php?rest_route=\/wp\/v2\/posts\/55829\/revisions\/55831"}],"wp:featuredmedia":[{"embeddable":true,"href":"https:\/\/hablemosclarotdf.com.ar\/index.php?rest_route=\/wp\/v2\/media\/55830"}],"wp:attachment":[{"href":"https:\/\/hablemosclarotdf.com.ar\/index.php?rest_route=%2Fwp%2Fv2%2Fmedia&parent=55829"}],"wp:term":[{"taxonomy":"category","embeddable":true,"href":"https:\/\/hablemosclarotdf.com.ar\/index.php?rest_route=%2Fwp%2Fv2%2Fcategories&post=55829"},{"taxonomy":"post_tag","embeddable":true,"href":"https:\/\/hablemosclarotdf.com.ar\/index.php?rest_route=%2Fwp%2Fv2%2Ftags&post=55829"}],"curies":[{"name":"wp","href":"https:\/\/api.w.org\/{rel}","templated":true}]}}