{"id":55824,"date":"2025-10-28T12:15:25","date_gmt":"2025-10-28T15:15:25","guid":{"rendered":"https:\/\/hablemosclarotdf.com.ar\/?p=55824"},"modified":"2025-10-28T12:15:25","modified_gmt":"2025-10-28T15:15:25","slug":"rio-grande-mas-de-600-personas-se-certificaron-en-el-programa-municipal-de-formacion-sobre-neurodesarrollo","status":"publish","type":"post","link":"https:\/\/hablemosclarotdf.com.ar\/?p=55824","title":{"rendered":"RIO GRANDE : M\u00c1S DE 600 PERSONAS SE CERTIFICARON EN EL PROGRAMA MUNICIPAL DE FORMACI\u00d3N SOBRE NEURODESARROLLO"},"content":{"rendered":"<p>El Municipio de R\u00edo Grande, a trav\u00e9s del Centro Municipal de las Infancias -dependiente de la Secretar\u00eda de Salud- , llev\u00f3 adelante el cierre del Programa Municipal de Formaci\u00f3n sobre Neurodesarrollo para la Comunidad Educativa. Dicha propuesta estuvo destinada a fortalecer las herramientas pedag\u00f3gicas y de acompa\u00f1amiento de quienes trabajan con las infancias y acompa\u00f1an sus trayectorias educativas en toda la provincia. La gesti\u00f3n del intendente Mart\u00edn Perez consolida su mirada integral para el cuidado de las infancias fueguinas.<\/p>\n<p>La formaci\u00f3n alcanz\u00f3 una gran convocatoria, con m\u00e1s de 600 participantes que completaron la cursada y aprobaron el examen final, obteniendo su certificaci\u00f3n. Este logro refleja el fuerte compromiso de la comunidad educativa y de los equipos vinculados a la atenci\u00f3n, el cuidado y la ense\u00f1anza en la primera infancia y la educaci\u00f3n primaria, consolidando as\u00ed un espacio de aprendizaje colectivo de gran impacto en la provincia.<\/p>\n<p>La capacitaci\u00f3n estuvo dirigida a docentes de nivel inicial y primario, estudiantes de carreras docentes, personal de salud, acompa\u00f1antes terap\u00e9uticos, terapeutas ocupacionales, profesores de educaci\u00f3n f\u00edsica y de deportes, conformando un espacio interdisciplinario que promovi\u00f3 el intercambio de experiencias y enfoques en torno al desarrollo infantil.<\/p>\n<p>El programa se desarroll\u00f3 en cuatro encuentros que abordaron distintos aspectos del neurodesarrollo desde una perspectiva inclusiva: \u201cComprendiendo el TDAH en el \u00e1mbito escolar\u201d; \u201cUna mirada integral desde la pediatr\u00eda del desarrollo en la infancia\u201d; \u201cHablemos sobre el perfil de funcionamiento\u201d y \u201cComprendiendo el TEA en el \u00e1mbito escolar\u201d.<\/p>\n<p>El \u00faltimo encuentro se desarroll\u00f3 el pasado viernes y estuvo a cargo del Lic. Nicol\u00e1s Cataldo, neuropsic\u00f3logo especializado en trayectorias escolares diversas y miembro del equipo ampliado del Centro Municipal de las Infancias, quien brind\u00f3 herramientas para promover pr\u00e1cticas educativas sensibles, respetuosas y basadas en la singularidad de cada ni\u00f1o y ni\u00f1a.<\/p>\n<p>Cabe destacar que esta propuesta formativa cuenta con resoluci\u00f3n ministerial en tr\u00e1mite, lo que le permitir\u00e1 al Municipio de R\u00edo Grande continuar ampliando su alcance y fortaleciendo futuras ediciones, frente al alto inter\u00e9s y la participaci\u00f3n demostrada por las y los fueguinos.<\/p>\n<p>La gesti\u00f3n del intendente Mart\u00edn Perez reafirma su compromiso con la promoci\u00f3n del cuidado integral de las infancias, impulsando pol\u00edticas p\u00fablicas que favorecen entornos educativos accesibles, inclusivos y emp\u00e1ticos, donde cada trayectoria sea acompa\u00f1ada desde el respeto, la comprensi\u00f3n y la mirada integral del desarrollo infantil.<\/p>\n<p>&nbsp;<\/p>\n<p><img loading=\"lazy\" decoding=\"async\" class=\"alignnone size-medium wp-image-55827\" src=\"https:\/\/hablemosclarotdf.com.ar\/wp-content\/uploads\/2025\/10\/photo_2025-10-28_12-13-44-1-300x200.jpg\" alt=\"\" width=\"300\" height=\"200\" srcset=\"https:\/\/hablemosclarotdf.com.ar\/wp-content\/uploads\/2025\/10\/photo_2025-10-28_12-13-44-1-300x200.jpg 300w, https:\/\/hablemosclarotdf.com.ar\/wp-content\/uploads\/2025\/10\/photo_2025-10-28_12-13-44-1-1024x683.jpg 1024w, https:\/\/hablemosclarotdf.com.ar\/wp-content\/uploads\/2025\/10\/photo_2025-10-28_12-13-44-1-768x512.jpg 768w, https:\/\/hablemosclarotdf.com.ar\/wp-content\/uploads\/2025\/10\/photo_2025-10-28_12-13-44-1.jpg 1500w\" sizes=\"auto, (max-width: 300px) 100vw, 300px\" \/><\/p>\n","protected":false},"excerpt":{"rendered":"<p>El Municipio de R\u00edo Grande, a trav\u00e9s del Centro Municipal de las Infancias -dependiente de&#8230;<\/p>\n","protected":false},"author":1,"featured_media":55825,"comment_status":"closed","ping_status":"closed","sticky":false,"template":"","format":"standard","meta":{"footnotes":""},"categories":[3],"tags":[],"class_list":["post-55824","post","type-post","status-publish","format-standard","has-post-thumbnail","hentry","category-noticias"],"jetpack_featured_media_url":"https:\/\/hablemosclarotdf.com.ar\/wp-content\/uploads\/2025\/10\/photo_2025-10-28_12-13-36.jpg","_links":{"self":[{"href":"https:\/\/hablemosclarotdf.com.ar\/index.php?rest_route=\/wp\/v2\/posts\/55824","targetHints":{"allow":["GET"]}}],"collection":[{"href":"https:\/\/hablemosclarotdf.com.ar\/index.php?rest_route=\/wp\/v2\/posts"}],"about":[{"href":"https:\/\/hablemosclarotdf.com.ar\/index.php?rest_route=\/wp\/v2\/types\/post"}],"author":[{"embeddable":true,"href":"https:\/\/hablemosclarotdf.com.ar\/index.php?rest_route=\/wp\/v2\/users\/1"}],"replies":[{"embeddable":true,"href":"https:\/\/hablemosclarotdf.com.ar\/index.php?rest_route=%2Fwp%2Fv2%2Fcomments&post=55824"}],"version-history":[{"count":1,"href":"https:\/\/hablemosclarotdf.com.ar\/index.php?rest_route=\/wp\/v2\/posts\/55824\/revisions"}],"predecessor-version":[{"id":55828,"href":"https:\/\/hablemosclarotdf.com.ar\/index.php?rest_route=\/wp\/v2\/posts\/55824\/revisions\/55828"}],"wp:featuredmedia":[{"embeddable":true,"href":"https:\/\/hablemosclarotdf.com.ar\/index.php?rest_route=\/wp\/v2\/media\/55825"}],"wp:attachment":[{"href":"https:\/\/hablemosclarotdf.com.ar\/index.php?rest_route=%2Fwp%2Fv2%2Fmedia&parent=55824"}],"wp:term":[{"taxonomy":"category","embeddable":true,"href":"https:\/\/hablemosclarotdf.com.ar\/index.php?rest_route=%2Fwp%2Fv2%2Fcategories&post=55824"},{"taxonomy":"post_tag","embeddable":true,"href":"https:\/\/hablemosclarotdf.com.ar\/index.php?rest_route=%2Fwp%2Fv2%2Ftags&post=55824"}],"curies":[{"name":"wp","href":"https:\/\/api.w.org\/{rel}","templated":true}]}}