{"id":55799,"date":"2025-10-27T20:44:17","date_gmt":"2025-10-27T23:44:17","guid":{"rendered":"https:\/\/hablemosclarotdf.com.ar\/?p=55799"},"modified":"2025-10-27T21:34:26","modified_gmt":"2025-10-28T00:34:26","slug":"pablo-blanco-yo-ya-di-todo-lo-que-podia-dar-ahora-vienen-otras-generaciones","status":"publish","type":"post","link":"https:\/\/hablemosclarotdf.com.ar\/?p=55799","title":{"rendered":"PABLO BLANCO: \u201cYo ya di todo lo que pod\u00eda dar. Ahora vienen otras generaciones\u201d,"},"content":{"rendered":"<p>El senador Pablo Daniel Blanco anunci\u00f3 su retiro de la pol\u00edtica tras las elecciones legislativas, marcando el cierre de una extensa trayectoria en la Uni\u00f3n C\u00edvica Radical. \u201cYo ya di todo lo que pod\u00eda dar. Ahora vienen otras generaciones\u201d, afirm\u00f3 en di\u00e1logo con La Ma\u00f1ana del Pueblo, destacando que se va \u201ccon la conciencia tranquila\u201d. Llam\u00f3 a los nuevos legisladores a defender los intereses de Tierra del Fuego \u201cpor encima de las banderas pol\u00edticas\u201d y reconoci\u00f3 la contundencia del triunfo libertario: \u201cLa gente decidi\u00f3 y eso es la democracia\u201d. Blanco advirti\u00f3 sobre la necesidad de proteger la industria y la soberan\u00eda fueguina, y aclar\u00f3 que seguir\u00e1 colaborando con su partido sin aspiraciones electorales. \u201cMe van a encontrar aportando experiencia, pero ya no como candidato. Me voy satisfecho con lo hecho\u201d, expres\u00f3.<\/p>\n<p>Ayer el senador dio su ultima batalla politica por un cargo electivo,en los comentarios de la nota publicada en facebook no escatimaron los detractores\u00a0 de siempre epitetos desagradables producto de la envidia y decidia. Uno se pregunta \u00bfPorque los que lo atacan no lo enfrentaron en una elecci\u00f3n ? es facil hablar pero dificil hacer .<\/p>\n<p>Es sin duda unos de los pocos politicos que nunca paso por ningun juzgado por denuncias de corrupcion .<\/p>\n<p>Por si no lo conocen bien este es PABLO BLANCO.<\/p>\n<div dir=\"auto\"><span style=\"font-family: Arial, Verdana;\">Pablo Daniel Blanco naci\u00f3 en la ciudad de Buenos Aires el 6 de junio de 1953.<\/span><\/div>\n<div dir=\"auto\">A los 5 a\u00f1os de edad se traslada con su padres y hermanos a vivir a la cabecera del Lago Khami en la zona de Tolhuin en Tierra del Fuego.\u00a0Cursa sus tres primeros a\u00f1os escolares en la escuelita rural de la zona. El resto del ciclo primario y todo el secundario lo realiza (pupilo) en la Misi\u00f3n Salesiana, escuela agrot\u00e9cnica obteniendo el t\u00edtulo de Experto en Ganader\u00eda.<\/div>\n<div dir=\"auto\"><span style=\"font-family: Arial, Verdana;\">Ingresa a los 18 a\u00f1os de edad al Banco de la Naci\u00f3n Argentina (sucursal Ushuaia), interrumpiendo por dos a\u00f1os dicha actividad para cumplir con el servicio militar obligatorio. Se desempe\u00f1a tambi\u00e9n en las sucursales de Rio Gallegos, Puerto Santa Cruz y Plottier (Neuqu\u00e9n).<\/span><\/div>\n<div dir=\"auto\"><span style=\"font-family: Arial, Verdana;\">A partir del a\u00f1o 1985 integra el plantel del Banco del Territorio de Tierra del Fuego hasta el a\u00f1o 1990 donde se le otorga licencia pol\u00edtica.<\/span><\/div>\n<div dir=\"auto\"><span style=\"font-family: Arial, Verdana;\">Actualmente Senador de la Naci\u00f3n Argentina por la Provincia de Tierra del Fuego.\u00a0<\/span><\/div>\n<div dir=\"auto\"><span style=\"font-family: Arial, Verdana;\">\u00a0<\/span><\/div>\n<div dir=\"auto\"><span style=\"font-family: Arial, Verdana;\">EXPERIENCIA Y TRAYECTORIA POL\u00cdTICA\u00a0<\/span><\/div>\n<div dir=\"auto\"><span style=\"font-family: Arial, Verdana;\">\u00a0<\/span><\/div>\n<div dir=\"auto\"><span style=\"font-family: Arial, Verdana;\">Legislador Provincial Uni\u00f3n C\u00edvica Radical en la Legislatura Tierra del Fuego\u00a0 (diciembre 2011- diciembre 2019).<\/span><\/div>\n<div dir=\"auto\"><span style=\"font-family: Arial, Verdana;\">&#8211; Presidente de la comisi\u00f3n de Presupuesto y Hacienda de la Legislatura de Tierra del Fuego.<\/span><\/div>\n<div dir=\"auto\"><span style=\"font-family: Arial, Verdana;\">&#8211; Presidente de la comisi\u00f3n de Seguridad y Justicia de la Legislatura de Tierra del Fuego.\u00a0<\/span><\/div>\n<div dir=\"auto\"><span style=\"font-family: Arial, Verdana;\">&#8211; Presidente del Bloque de Legisladores de la Uni\u00f3n C\u00edvica Radical de Tierra del Fuego.\u00a0<\/span><\/div>\n<div dir=\"auto\"><span style=\"font-family: Arial, Verdana;\">&#8211; Presidente de la Comisi\u00f3n de seguimiento y transformaci\u00f3n del Instituto Provincial de Seguridad Social de Tierra del Fuego.<\/span><\/div>\n<div dir=\"auto\"><span style=\"font-family: Arial, Verdana;\">Secretario de Gobierno del Municipio de la Ciudad de R\u00edo Grande (diciembre de 2007 &#8211; diciembre de 2011).<\/span><\/div>\n<div dir=\"auto\"><span style=\"font-family: Arial, Verdana;\">Director del IPAUSS (Instituto Provincial Aut\u00e1rquico y Unificado de Seguridad Social) (marzo de 2002 &#8211; diciembre de 2007).\u00a0 <\/span><\/div>\n<div dir=\"auto\"><span style=\"font-family: Arial, Verdana;\">Secretario de Gobierno del Municipio de Rio Grande (agosto de 2000 &#8211; marzo de 2002).<\/span><\/div>\n<div dir=\"auto\"><span style=\"font-family: Arial, Verdana;\">Legislador Provincial de la Legislatura Tierra del Fuego (diciembre de 1991 diciembre de 1999).<\/span><\/div>\n<div dir=\"auto\"><span style=\"font-family: Arial, Verdana;\">Presidente del Consejo de la Magistratura de Tierra del Fuego (enero de 1992 &#8211; agosto de 1993).<\/span><\/div>\n<div dir=\"auto\"><span style=\"font-family: Arial, Verdana;\">&#8211; Conformaci\u00f3n Poder Judicial de Tierra del Fuego y elecci\u00f3n del del Primer Superior Tribunal de Justicia.\u00a0<\/span><\/div>\n<div dir=\"auto\"><span style=\"font-family: Arial, Verdana;\">&#8211; Puesta en marcha del Poder Judicial de la Provincia de Tierra del Fuego.<\/span><\/div>\n<div dir=\"auto\"><span style=\"font-family: Arial, Verdana;\">&#8211; Elecci\u00f3n del Tribuno abogado del Primer Tribunal de Cuentas de la Pcia. De Tierra del Fuego.<\/span><\/div>\n<div dir=\"auto\"><span style=\"font-family: Arial, Verdana;\">Convencional Constituyente y co-redactor de la Constituci\u00f3n de la Provincia de Tierra del Fuego, Ant\u00e1rtida e Islas del Atl\u00e1ntico Sur. enero de 1991 &#8211; junio de 1991.<\/span><\/div>\n<div dir=\"auto\"><span style=\"font-family: Arial, Verdana;\">Banco de Tierra del Fuego (mayo de 1985 &#8211; diciembre de 1991). Ingreso como contador y finaliza como subgerente departamental<\/span><\/div>\n<div dir=\"auto\"><span style=\"font-family: Arial, Verdana;\">Banco de la Naci\u00f3n Argentina (mayo de 1972 &#8211; mayo de 1985). Ingreso como auxiliar y se retira con el cargo de contador<\/span><\/div>\n<div dir=\"auto\"><span style=\"font-family: Arial, Verdana;\">\u00a0<\/span><\/div>\n<div dir=\"auto\"><span style=\"font-family: Arial, Verdana;\">EDUCACI\u00d3N<\/span><\/div>\n<div dir=\"auto\"><span style=\"font-family: Arial, Verdana;\">\u00a0<\/span><\/div>\n<div dir=\"auto\"><span style=\"font-family: Arial, Verdana;\">Instituto Daniel Cash. Contador &#8211; Banco de la Naci\u00f3n Argentina, 1983 &#8211; 1983<\/span><\/div>\n<div dir=\"auto\"><span style=\"font-family: Arial, Verdana;\">Universidad de la Patagonia Derecho Bancario (1981) Matem\u00e1tica Financiera 1981\u00a0<\/span><\/div>\n<div dir=\"auto\"><span style=\"font-family: Arial, Verdana;\">\u00a0<\/span><\/div>\n<div dir=\"auto\"><span style=\"font-family: Arial, Verdana;\">CARGOS PARTIDARIOS\u00a0<\/span><\/div>\n<div dir=\"auto\"><span style=\"font-family: Arial, Verdana;\">\u00a0<\/span><\/div>\n<div dir=\"auto\"><span style=\"font-family: Arial, Verdana;\">&#8211; Delgado al Comit\u00e9 Nacional, Secretario (actualidad)<\/span><\/div>\n<div dir=\"auto\"><span style=\"font-family: Arial, Verdana;\">&#8211; Presidente UCR Tierra del Fuego\u00a0<\/span><\/div>\n<div dir=\"auto\"><span style=\"font-family: Arial, Verdana;\">&#8211; Presidente Honorable Convenci\u00f3n Provincial UCR Tierra del Fuego<\/span><\/div>\n<div dir=\"auto\"><span style=\"font-family: Arial, Verdana;\">&#8211; ProTesorero Comit\u00e9 Nacional UCR<\/span><\/div>\n<div dir=\"auto\"><span style=\"font-family: Arial, Verdana;\">&#8211; Secretario Comit\u00e9 Nacional UCR (Presidencia Ra\u00fal Ricardo Alfons\u00edn)<\/span><\/div>\n<div dir=\"auto\"><span style=\"font-family: Arial, Verdana;\">&#8211; Secretario Honorable Convenci\u00f3n Nacional UCR<\/span><\/div>\n<div dir=\"auto\"><\/div>\n<div dir=\"auto\"><\/div>\n","protected":false},"excerpt":{"rendered":"<p>El senador Pablo Daniel Blanco anunci\u00f3 su retiro de la pol\u00edtica tras las elecciones legislativas,&#8230;<\/p>\n","protected":false},"author":1,"featured_media":55800,"comment_status":"closed","ping_status":"closed","sticky":false,"template":"","format":"standard","meta":{"footnotes":""},"categories":[3],"tags":[],"class_list":["post-55799","post","type-post","status-publish","format-standard","has-post-thumbnail","hentry","category-noticias"],"jetpack_featured_media_url":"https:\/\/hablemosclarotdf.com.ar\/wp-content\/uploads\/2025\/10\/download-7.jpg","_links":{"self":[{"href":"https:\/\/hablemosclarotdf.com.ar\/index.php?rest_route=\/wp\/v2\/posts\/55799","targetHints":{"allow":["GET"]}}],"collection":[{"href":"https:\/\/hablemosclarotdf.com.ar\/index.php?rest_route=\/wp\/v2\/posts"}],"about":[{"href":"https:\/\/hablemosclarotdf.com.ar\/index.php?rest_route=\/wp\/v2\/types\/post"}],"author":[{"embeddable":true,"href":"https:\/\/hablemosclarotdf.com.ar\/index.php?rest_route=\/wp\/v2\/users\/1"}],"replies":[{"embeddable":true,"href":"https:\/\/hablemosclarotdf.com.ar\/index.php?rest_route=%2Fwp%2Fv2%2Fcomments&post=55799"}],"version-history":[{"count":3,"href":"https:\/\/hablemosclarotdf.com.ar\/index.php?rest_route=\/wp\/v2\/posts\/55799\/revisions"}],"predecessor-version":[{"id":55804,"href":"https:\/\/hablemosclarotdf.com.ar\/index.php?rest_route=\/wp\/v2\/posts\/55799\/revisions\/55804"}],"wp:featuredmedia":[{"embeddable":true,"href":"https:\/\/hablemosclarotdf.com.ar\/index.php?rest_route=\/wp\/v2\/media\/55800"}],"wp:attachment":[{"href":"https:\/\/hablemosclarotdf.com.ar\/index.php?rest_route=%2Fwp%2Fv2%2Fmedia&parent=55799"}],"wp:term":[{"taxonomy":"category","embeddable":true,"href":"https:\/\/hablemosclarotdf.com.ar\/index.php?rest_route=%2Fwp%2Fv2%2Fcategories&post=55799"},{"taxonomy":"post_tag","embeddable":true,"href":"https:\/\/hablemosclarotdf.com.ar\/index.php?rest_route=%2Fwp%2Fv2%2Ftags&post=55799"}],"curies":[{"name":"wp","href":"https:\/\/api.w.org\/{rel}","templated":true}]}}