{"id":55792,"date":"2025-10-27T18:24:27","date_gmt":"2025-10-27T21:24:27","guid":{"rendered":"https:\/\/hablemosclarotdf.com.ar\/?p=55792"},"modified":"2025-10-27T18:24:27","modified_gmt":"2025-10-27T21:24:27","slug":"corte-progrmado-del-servicio-electrico-en-tolhuin","status":"publish","type":"post","link":"https:\/\/hablemosclarotdf.com.ar\/?p=55792","title":{"rendered":"CORTE PROGRMADO DEL SERVICIO EL\u00c9CTRICO EN TOLHUIN"},"content":{"rendered":"<p>La Direcci\u00f3n Provincial de Energ\u00eda informa a la poblaci\u00f3n de Tolhuin que debido a tareas de mantenimiento programadas en la usina se realizar\u00e1 un corte de energ\u00eda el\u00e9ctrica el martes 28 de octubre desde las 3:00 hasta las 8 horas.<\/p>\n<p>El corte afectar\u00e1 los siguientes sectores:<\/p>\n<p>\u25cfZona cercana a RN3, desde calle Kovacic hacia el Sur, hasta el Camping de Laguna del Indio:<\/p>\n<p>Barrio Kareken<\/p>\n<p>Parque Industrial (sector aserraderos)<\/p>\n<p>Loteos del R\u00edo Turbio<\/p>\n<p>Barrio Ecopueblo II<\/p>\n<p>\u25cfBarrio Provincias Unidas:<\/p>\n<p>Barrios IPV II y III<\/p>\n<p>Zona Casa del Deporte<\/p>\n<p>Zona C.I.C.<\/p>\n<p>\u25cfZona cercana a calle Justo Jos\u00e9 de Urquiza:<\/p>\n<p>Barrio Procrear<\/p>\n<p>Sector Campo de Jineteada<\/p>\n<p>Sepan disculpar las molestias ocasionadas.<\/p>\n","protected":false},"excerpt":{"rendered":"<p>La Direcci\u00f3n Provincial de Energ\u00eda informa a la poblaci\u00f3n de Tolhuin que debido a tareas&#8230;<\/p>\n","protected":false},"author":1,"featured_media":55793,"comment_status":"closed","ping_status":"closed","sticky":false,"template":"","format":"standard","meta":{"footnotes":""},"categories":[3],"tags":[],"class_list":["post-55792","post","type-post","status-publish","format-standard","has-post-thumbnail","hentry","category-noticias"],"jetpack_featured_media_url":"https:\/\/hablemosclarotdf.com.ar\/wp-content\/uploads\/2025\/10\/photo_2025-10-27_18-23-26.jpg","_links":{"self":[{"href":"https:\/\/hablemosclarotdf.com.ar\/index.php?rest_route=\/wp\/v2\/posts\/55792","targetHints":{"allow":["GET"]}}],"collection":[{"href":"https:\/\/hablemosclarotdf.com.ar\/index.php?rest_route=\/wp\/v2\/posts"}],"about":[{"href":"https:\/\/hablemosclarotdf.com.ar\/index.php?rest_route=\/wp\/v2\/types\/post"}],"author":[{"embeddable":true,"href":"https:\/\/hablemosclarotdf.com.ar\/index.php?rest_route=\/wp\/v2\/users\/1"}],"replies":[{"embeddable":true,"href":"https:\/\/hablemosclarotdf.com.ar\/index.php?rest_route=%2Fwp%2Fv2%2Fcomments&post=55792"}],"version-history":[{"count":1,"href":"https:\/\/hablemosclarotdf.com.ar\/index.php?rest_route=\/wp\/v2\/posts\/55792\/revisions"}],"predecessor-version":[{"id":55794,"href":"https:\/\/hablemosclarotdf.com.ar\/index.php?rest_route=\/wp\/v2\/posts\/55792\/revisions\/55794"}],"wp:featuredmedia":[{"embeddable":true,"href":"https:\/\/hablemosclarotdf.com.ar\/index.php?rest_route=\/wp\/v2\/media\/55793"}],"wp:attachment":[{"href":"https:\/\/hablemosclarotdf.com.ar\/index.php?rest_route=%2Fwp%2Fv2%2Fmedia&parent=55792"}],"wp:term":[{"taxonomy":"category","embeddable":true,"href":"https:\/\/hablemosclarotdf.com.ar\/index.php?rest_route=%2Fwp%2Fv2%2Fcategories&post=55792"},{"taxonomy":"post_tag","embeddable":true,"href":"https:\/\/hablemosclarotdf.com.ar\/index.php?rest_route=%2Fwp%2Fv2%2Ftags&post=55792"}],"curies":[{"name":"wp","href":"https:\/\/api.w.org\/{rel}","templated":true}]}}