{"id":55785,"date":"2025-10-27T18:21:57","date_gmt":"2025-10-27T21:21:57","guid":{"rendered":"https:\/\/hablemosclarotdf.com.ar\/?p=55785"},"modified":"2025-10-27T18:21:57","modified_gmt":"2025-10-27T21:21:57","slug":"rio-grande-el-deporte-como-modelo-de-gestion-garantiza-su-acceso-a-todas-las-edades","status":"publish","type":"post","link":"https:\/\/hablemosclarotdf.com.ar\/?p=55785","title":{"rendered":"RIO GRANDE EL DEPORTE COMO MODELO DE GESTI\u00d3N: GARANTIZA SU ACCESO A TODAS LAS EDADES"},"content":{"rendered":"<p>Con la participaci\u00f3n de 27 equipos de toda la provincia, culmin\u00f3 la segunda edici\u00f3n de la Liga Municipal de Newcom, organizada por el Municipio de R\u00edo Grande a trav\u00e9s de la Subsecretar\u00eda de Deportes. Durante dos meses, personas mayores de las categor\u00edas +50 y +60, en ramas femenina y masculina, compartieron competencia, encuentro y comunidad.<\/p>\n<p>La jornada final se vivi\u00f3 en el Polideportivo \u201cCarlos Margalot\u201d, donde el p\u00fablico acompa\u00f1\u00f3 las instancias decisivas. En la categor\u00eda +50, el equipo Amigos se consagr\u00f3 campe\u00f3n en ambas ramas, mientras que Hijos del Poder hizo lo propio en +60.<\/p>\n<p>Durante la ceremonia de premiaci\u00f3n, la directora de Deportes, Antonela Soto, destac\u00f3 el crecimiento sostenido de esta disciplina y la decisi\u00f3n pol\u00edtica del Municipio de garantizar su continuidad. \u201cActividades como el Newcom siguen creciendo a\u00f1o a a\u00f1o, reflejando el compromiso del Municipio con el deporte, generando espacios de encuentro y bienestar. Desde las infancias hasta las personas mayores, seguimos garantizando el acceso a la actividad f\u00edsica\u201d, expres\u00f3.<\/p>\n<p>Finalmente, la funcionaria remarc\u00f3: \u201cvamos a continuar trabajando para que podamos seguir encontr\u00e1ndonos en cada espacio municipal, porque ah\u00ed es donde se construye, todos los d\u00edas, una mejor calidad de vida para cada vecina y vecino\u201d.<\/p>\n<p>Con esta segunda edici\u00f3n de la Liga Municipal de Newcom, el Municipio de R\u00edo Grande reafirma su mirada sobre el deporte como pol\u00edtica p\u00fablica: una herramienta de inclusi\u00f3n, salud y comunidad, que abraza a todas las edades y garantiza el derecho a moverse, compartir y disfrutar.<\/p>\n<p><img loading=\"lazy\" decoding=\"async\" class=\"alignnone size-medium wp-image-55787\" src=\"https:\/\/hablemosclarotdf.com.ar\/wp-content\/uploads\/2025\/10\/photo_2025-10-27_18-20-34-300x200.jpg\" alt=\"\" width=\"300\" height=\"200\" srcset=\"https:\/\/hablemosclarotdf.com.ar\/wp-content\/uploads\/2025\/10\/photo_2025-10-27_18-20-34-300x200.jpg 300w, https:\/\/hablemosclarotdf.com.ar\/wp-content\/uploads\/2025\/10\/photo_2025-10-27_18-20-34-1024x682.jpg 1024w, https:\/\/hablemosclarotdf.com.ar\/wp-content\/uploads\/2025\/10\/photo_2025-10-27_18-20-34-768x512.jpg 768w, https:\/\/hablemosclarotdf.com.ar\/wp-content\/uploads\/2025\/10\/photo_2025-10-27_18-20-34.jpg 1280w\" sizes=\"auto, (max-width: 300px) 100vw, 300px\" \/> <img loading=\"lazy\" decoding=\"async\" class=\"alignnone size-medium wp-image-55788\" src=\"https:\/\/hablemosclarotdf.com.ar\/wp-content\/uploads\/2025\/10\/photo_2025-10-27_18-20-38-300x200.jpg\" alt=\"\" width=\"300\" height=\"200\" srcset=\"https:\/\/hablemosclarotdf.com.ar\/wp-content\/uploads\/2025\/10\/photo_2025-10-27_18-20-38-300x200.jpg 300w, https:\/\/hablemosclarotdf.com.ar\/wp-content\/uploads\/2025\/10\/photo_2025-10-27_18-20-38-1024x682.jpg 1024w, https:\/\/hablemosclarotdf.com.ar\/wp-content\/uploads\/2025\/10\/photo_2025-10-27_18-20-38-768x512.jpg 768w, https:\/\/hablemosclarotdf.com.ar\/wp-content\/uploads\/2025\/10\/photo_2025-10-27_18-20-38.jpg 1280w\" sizes=\"auto, (max-width: 300px) 100vw, 300px\" \/> <img loading=\"lazy\" decoding=\"async\" class=\"alignnone size-medium wp-image-55789\" src=\"https:\/\/hablemosclarotdf.com.ar\/wp-content\/uploads\/2025\/10\/photo_2025-10-27_18-20-42-300x200.jpg\" alt=\"\" width=\"300\" height=\"200\" srcset=\"https:\/\/hablemosclarotdf.com.ar\/wp-content\/uploads\/2025\/10\/photo_2025-10-27_18-20-42-300x200.jpg 300w, https:\/\/hablemosclarotdf.com.ar\/wp-content\/uploads\/2025\/10\/photo_2025-10-27_18-20-42-1024x682.jpg 1024w, https:\/\/hablemosclarotdf.com.ar\/wp-content\/uploads\/2025\/10\/photo_2025-10-27_18-20-42-768x512.jpg 768w, https:\/\/hablemosclarotdf.com.ar\/wp-content\/uploads\/2025\/10\/photo_2025-10-27_18-20-42.jpg 1280w\" sizes=\"auto, (max-width: 300px) 100vw, 300px\" \/> <img loading=\"lazy\" decoding=\"async\" class=\"alignnone size-medium wp-image-55790\" src=\"https:\/\/hablemosclarotdf.com.ar\/wp-content\/uploads\/2025\/10\/photo_2025-10-27_18-20-46-300x200.jpg\" alt=\"\" width=\"300\" height=\"200\" srcset=\"https:\/\/hablemosclarotdf.com.ar\/wp-content\/uploads\/2025\/10\/photo_2025-10-27_18-20-46-300x200.jpg 300w, https:\/\/hablemosclarotdf.com.ar\/wp-content\/uploads\/2025\/10\/photo_2025-10-27_18-20-46-1024x682.jpg 1024w, https:\/\/hablemosclarotdf.com.ar\/wp-content\/uploads\/2025\/10\/photo_2025-10-27_18-20-46-768x512.jpg 768w, https:\/\/hablemosclarotdf.com.ar\/wp-content\/uploads\/2025\/10\/photo_2025-10-27_18-20-46.jpg 1280w\" sizes=\"auto, (max-width: 300px) 100vw, 300px\" \/><\/p>\n","protected":false},"excerpt":{"rendered":"<p>Con la participaci\u00f3n de 27 equipos de toda la provincia, culmin\u00f3 la segunda edici\u00f3n de&#8230;<\/p>\n","protected":false},"author":1,"featured_media":55786,"comment_status":"closed","ping_status":"closed","sticky":false,"template":"","format":"standard","meta":{"footnotes":""},"categories":[3],"tags":[],"class_list":["post-55785","post","type-post","status-publish","format-standard","has-post-thumbnail","hentry","category-noticias"],"jetpack_featured_media_url":"https:\/\/hablemosclarotdf.com.ar\/wp-content\/uploads\/2025\/10\/photo_2025-10-27_18-20-21.jpg","_links":{"self":[{"href":"https:\/\/hablemosclarotdf.com.ar\/index.php?rest_route=\/wp\/v2\/posts\/55785","targetHints":{"allow":["GET"]}}],"collection":[{"href":"https:\/\/hablemosclarotdf.com.ar\/index.php?rest_route=\/wp\/v2\/posts"}],"about":[{"href":"https:\/\/hablemosclarotdf.com.ar\/index.php?rest_route=\/wp\/v2\/types\/post"}],"author":[{"embeddable":true,"href":"https:\/\/hablemosclarotdf.com.ar\/index.php?rest_route=\/wp\/v2\/users\/1"}],"replies":[{"embeddable":true,"href":"https:\/\/hablemosclarotdf.com.ar\/index.php?rest_route=%2Fwp%2Fv2%2Fcomments&post=55785"}],"version-history":[{"count":1,"href":"https:\/\/hablemosclarotdf.com.ar\/index.php?rest_route=\/wp\/v2\/posts\/55785\/revisions"}],"predecessor-version":[{"id":55791,"href":"https:\/\/hablemosclarotdf.com.ar\/index.php?rest_route=\/wp\/v2\/posts\/55785\/revisions\/55791"}],"wp:featuredmedia":[{"embeddable":true,"href":"https:\/\/hablemosclarotdf.com.ar\/index.php?rest_route=\/wp\/v2\/media\/55786"}],"wp:attachment":[{"href":"https:\/\/hablemosclarotdf.com.ar\/index.php?rest_route=%2Fwp%2Fv2%2Fmedia&parent=55785"}],"wp:term":[{"taxonomy":"category","embeddable":true,"href":"https:\/\/hablemosclarotdf.com.ar\/index.php?rest_route=%2Fwp%2Fv2%2Fcategories&post=55785"},{"taxonomy":"post_tag","embeddable":true,"href":"https:\/\/hablemosclarotdf.com.ar\/index.php?rest_route=%2Fwp%2Fv2%2Ftags&post=55785"}],"curies":[{"name":"wp","href":"https:\/\/api.w.org\/{rel}","templated":true}]}}