{"id":55775,"date":"2025-10-27T14:22:48","date_gmt":"2025-10-27T17:22:48","guid":{"rendered":"https:\/\/hablemosclarotdf.com.ar\/?p=55775"},"modified":"2025-10-27T14:22:48","modified_gmt":"2025-10-27T17:22:48","slug":"c-d-tolhuin-seguimos-escuchando-y-trabajando-por-tolhuin","status":"publish","type":"post","link":"https:\/\/hablemosclarotdf.com.ar\/?p=55775","title":{"rendered":"C.D TOLHUIN : SEGUIMOS ESCUCHANDO Y TRABAJANDO POR TOLHUIN"},"content":{"rendered":"<p>El presidente del Concejo Deliberante, Matias Rodriguez Ojeda, contin\u00faa impulsando una agenda de trabajo junto a las instituciones y vecinos de la ciudad, fortaleciendo el di\u00e1logo y el acompa\u00f1amiento a los espacios que construyen comunidad todos los d\u00edas.<\/p>\n<p>En ese marco, junto a la vicepresidenta primera Jeannette Alderete y el subsecretario de Relaciones Institucionales Gast\u00f3n Fern\u00e1ndez, mantuvo un encuentro con Pablo Osuna y el pastor Miguel Salto, representantes de la iglesia Movimiento Cristiano y Misionero (MCYM), para interiorizarse sobre las acciones sociales y espirituales que la instituci\u00f3n desarrolla en la ciudad, y las necesidades que atraviesa el espacio.<\/p>\n<p>Durante la reuni\u00f3n se destac\u00f3 el valor del trabajo comunitario y la importancia de sostener la articulaci\u00f3n entre las instituciones religiosas y el Estado local.<\/p>\n<p>\u201cTolhuin necesita que sigamos presentes, escuchando y acompa\u00f1ando a cada instituci\u00f3n que trabaja por el bienestar de los vecinos. La fe, la solidaridad y el compromiso tambi\u00e9n son parte del crecimiento de nuestra ciudad\u201d, expres\u00f3 Rodriguez Ojeda.<\/p>\n<p>El titular del Concejo remarc\u00f3 que estos encuentros forman parte de una agenda que busca fortalecer los lazos con todas las organizaciones que contribuyen al desarrollo espiritual y social de Tolhuin, construyendo una comunidad m\u00e1s unida y participativa.<\/p>\n<p>\u201cCada instituci\u00f3n tiene algo valioso para aportar. Nuestro deber es tender puentes, reconocer ese trabajo y acompa\u00f1ar a quienes sostienen la esperanza desde su lugar. Tolhuin se construye todos los d\u00edas, con di\u00e1logo y con hechos\u201d, concluy\u00f3 Rodriguez Ojeda.<\/p>\n<p><img loading=\"lazy\" decoding=\"async\" class=\"alignnone size-medium wp-image-55777\" src=\"https:\/\/hablemosclarotdf.com.ar\/wp-content\/uploads\/2025\/10\/photo_2025-10-27_14-21-55-300x225.jpg\" alt=\"\" width=\"300\" height=\"225\" srcset=\"https:\/\/hablemosclarotdf.com.ar\/wp-content\/uploads\/2025\/10\/photo_2025-10-27_14-21-55-300x225.jpg 300w, https:\/\/hablemosclarotdf.com.ar\/wp-content\/uploads\/2025\/10\/photo_2025-10-27_14-21-55-1024x768.jpg 1024w, https:\/\/hablemosclarotdf.com.ar\/wp-content\/uploads\/2025\/10\/photo_2025-10-27_14-21-55-768x576.jpg 768w, https:\/\/hablemosclarotdf.com.ar\/wp-content\/uploads\/2025\/10\/photo_2025-10-27_14-21-55.jpg 1280w\" sizes=\"auto, (max-width: 300px) 100vw, 300px\" \/> <img loading=\"lazy\" decoding=\"async\" class=\"alignnone size-medium wp-image-55778\" src=\"https:\/\/hablemosclarotdf.com.ar\/wp-content\/uploads\/2025\/10\/photo_2025-10-27_14-22-00-300x225.jpg\" alt=\"\" width=\"300\" height=\"225\" srcset=\"https:\/\/hablemosclarotdf.com.ar\/wp-content\/uploads\/2025\/10\/photo_2025-10-27_14-22-00-300x225.jpg 300w, https:\/\/hablemosclarotdf.com.ar\/wp-content\/uploads\/2025\/10\/photo_2025-10-27_14-22-00-1024x768.jpg 1024w, https:\/\/hablemosclarotdf.com.ar\/wp-content\/uploads\/2025\/10\/photo_2025-10-27_14-22-00-768x576.jpg 768w, https:\/\/hablemosclarotdf.com.ar\/wp-content\/uploads\/2025\/10\/photo_2025-10-27_14-22-00.jpg 1165w\" sizes=\"auto, (max-width: 300px) 100vw, 300px\" \/><\/p>\n","protected":false},"excerpt":{"rendered":"<p>El presidente del Concejo Deliberante, Matias Rodriguez Ojeda, contin\u00faa impulsando una agenda de trabajo junto&#8230;<\/p>\n","protected":false},"author":1,"featured_media":55776,"comment_status":"closed","ping_status":"closed","sticky":false,"template":"","format":"standard","meta":{"footnotes":""},"categories":[3],"tags":[],"class_list":["post-55775","post","type-post","status-publish","format-standard","has-post-thumbnail","hentry","category-noticias"],"jetpack_featured_media_url":"https:\/\/hablemosclarotdf.com.ar\/wp-content\/uploads\/2025\/10\/photo_2025-10-27_14-18-17.jpg","_links":{"self":[{"href":"https:\/\/hablemosclarotdf.com.ar\/index.php?rest_route=\/wp\/v2\/posts\/55775","targetHints":{"allow":["GET"]}}],"collection":[{"href":"https:\/\/hablemosclarotdf.com.ar\/index.php?rest_route=\/wp\/v2\/posts"}],"about":[{"href":"https:\/\/hablemosclarotdf.com.ar\/index.php?rest_route=\/wp\/v2\/types\/post"}],"author":[{"embeddable":true,"href":"https:\/\/hablemosclarotdf.com.ar\/index.php?rest_route=\/wp\/v2\/users\/1"}],"replies":[{"embeddable":true,"href":"https:\/\/hablemosclarotdf.com.ar\/index.php?rest_route=%2Fwp%2Fv2%2Fcomments&post=55775"}],"version-history":[{"count":1,"href":"https:\/\/hablemosclarotdf.com.ar\/index.php?rest_route=\/wp\/v2\/posts\/55775\/revisions"}],"predecessor-version":[{"id":55779,"href":"https:\/\/hablemosclarotdf.com.ar\/index.php?rest_route=\/wp\/v2\/posts\/55775\/revisions\/55779"}],"wp:featuredmedia":[{"embeddable":true,"href":"https:\/\/hablemosclarotdf.com.ar\/index.php?rest_route=\/wp\/v2\/media\/55776"}],"wp:attachment":[{"href":"https:\/\/hablemosclarotdf.com.ar\/index.php?rest_route=%2Fwp%2Fv2%2Fmedia&parent=55775"}],"wp:term":[{"taxonomy":"category","embeddable":true,"href":"https:\/\/hablemosclarotdf.com.ar\/index.php?rest_route=%2Fwp%2Fv2%2Fcategories&post=55775"},{"taxonomy":"post_tag","embeddable":true,"href":"https:\/\/hablemosclarotdf.com.ar\/index.php?rest_route=%2Fwp%2Fv2%2Ftags&post=55775"}],"curies":[{"name":"wp","href":"https:\/\/api.w.org\/{rel}","templated":true}]}}