{"id":55771,"date":"2025-10-27T14:16:23","date_gmt":"2025-10-27T17:16:23","guid":{"rendered":"https:\/\/hablemosclarotdf.com.ar\/?p=55771"},"modified":"2025-10-27T14:16:23","modified_gmt":"2025-10-27T17:16:23","slug":"rio-grande-visita-el-punto-de-venta-y-adquiri-productos-frescos","status":"publish","type":"post","link":"https:\/\/hablemosclarotdf.com.ar\/?p=55771","title":{"rendered":"RIO GRANDE : VISIT\u00c1 EL PUNTO DE VENTA Y ADQUIR\u00cd PRODUCTOS FRESCOS"},"content":{"rendered":"<p>Las vecinas y vecinos riograndenses pueden adquirir alimentos sanos, locales y de calidad en el Paseo Canto del Viento (Fagnano 650). De martes a s\u00e1bado de 10 a 20 horas, mientras que los domingos de 10 a 13 horas.<\/p>\n<p>El Municipio de R\u00edo Grande recuerda que el Punto de Venta de \u201cRGA Alimentos\u201d, ubicado en Paseo Canto del Viento (Fagnano 650), de martes a s\u00e1bado abre de 10 a 20 horas y los domingos de 10 a 13 horas.<\/p>\n<p>Las familias riograndenses pueden acceder a productos que aporten sabor, nutrici\u00f3n y frescura a sus mesas, como ser carne porcina, pescados frescos, huevos agroecol\u00f3gicos y pollo fresco de la marca \u201cRGA Alimentos\u201d.<\/p>\n<p>De esta forma, el Municipio trabaja junto a productores en la generaci\u00f3n de espacios para la venta de alimentos frescos en pos de dar valor agregado a la producci\u00f3n local y afianzar la Soberan\u00eda Alimentaria en R\u00edo Grande.<\/p>\n<p>&nbsp;<\/p>\n<p><img loading=\"lazy\" decoding=\"async\" class=\"alignnone size-medium wp-image-55773\" src=\"https:\/\/hablemosclarotdf.com.ar\/wp-content\/uploads\/2025\/10\/photo_2025-10-27_14-15-03-300x225.jpg\" alt=\"\" width=\"300\" height=\"225\" srcset=\"https:\/\/hablemosclarotdf.com.ar\/wp-content\/uploads\/2025\/10\/photo_2025-10-27_14-15-03-300x225.jpg 300w, https:\/\/hablemosclarotdf.com.ar\/wp-content\/uploads\/2025\/10\/photo_2025-10-27_14-15-03-1024x768.jpg 1024w, https:\/\/hablemosclarotdf.com.ar\/wp-content\/uploads\/2025\/10\/photo_2025-10-27_14-15-03-768x576.jpg 768w, https:\/\/hablemosclarotdf.com.ar\/wp-content\/uploads\/2025\/10\/photo_2025-10-27_14-15-03.jpg 1280w\" sizes=\"auto, (max-width: 300px) 100vw, 300px\" \/><\/p>\n","protected":false},"excerpt":{"rendered":"<p>Las vecinas y vecinos riograndenses pueden adquirir alimentos sanos, locales y de calidad en el&#8230;<\/p>\n","protected":false},"author":1,"featured_media":55772,"comment_status":"closed","ping_status":"closed","sticky":false,"template":"","format":"standard","meta":{"footnotes":""},"categories":[3],"tags":[],"class_list":["post-55771","post","type-post","status-publish","format-standard","has-post-thumbnail","hentry","category-noticias"],"jetpack_featured_media_url":"https:\/\/hablemosclarotdf.com.ar\/wp-content\/uploads\/2025\/10\/photo_2025-10-27_14-14-58.jpg","_links":{"self":[{"href":"https:\/\/hablemosclarotdf.com.ar\/index.php?rest_route=\/wp\/v2\/posts\/55771","targetHints":{"allow":["GET"]}}],"collection":[{"href":"https:\/\/hablemosclarotdf.com.ar\/index.php?rest_route=\/wp\/v2\/posts"}],"about":[{"href":"https:\/\/hablemosclarotdf.com.ar\/index.php?rest_route=\/wp\/v2\/types\/post"}],"author":[{"embeddable":true,"href":"https:\/\/hablemosclarotdf.com.ar\/index.php?rest_route=\/wp\/v2\/users\/1"}],"replies":[{"embeddable":true,"href":"https:\/\/hablemosclarotdf.com.ar\/index.php?rest_route=%2Fwp%2Fv2%2Fcomments&post=55771"}],"version-history":[{"count":1,"href":"https:\/\/hablemosclarotdf.com.ar\/index.php?rest_route=\/wp\/v2\/posts\/55771\/revisions"}],"predecessor-version":[{"id":55774,"href":"https:\/\/hablemosclarotdf.com.ar\/index.php?rest_route=\/wp\/v2\/posts\/55771\/revisions\/55774"}],"wp:featuredmedia":[{"embeddable":true,"href":"https:\/\/hablemosclarotdf.com.ar\/index.php?rest_route=\/wp\/v2\/media\/55772"}],"wp:attachment":[{"href":"https:\/\/hablemosclarotdf.com.ar\/index.php?rest_route=%2Fwp%2Fv2%2Fmedia&parent=55771"}],"wp:term":[{"taxonomy":"category","embeddable":true,"href":"https:\/\/hablemosclarotdf.com.ar\/index.php?rest_route=%2Fwp%2Fv2%2Fcategories&post=55771"},{"taxonomy":"post_tag","embeddable":true,"href":"https:\/\/hablemosclarotdf.com.ar\/index.php?rest_route=%2Fwp%2Fv2%2Ftags&post=55771"}],"curies":[{"name":"wp","href":"https:\/\/api.w.org\/{rel}","templated":true}]}}