{"id":55702,"date":"2025-10-26T16:06:11","date_gmt":"2025-10-26T19:06:11","guid":{"rendered":"https:\/\/hablemosclarotdf.com.ar\/?p=55702"},"modified":"2025-10-26T16:06:11","modified_gmt":"2025-10-26T19:06:11","slug":"rio-grande-hoy-es-un-dia-de-reflexion-para-todos-los-fueguinos-un-dia-para-pensar-en-el-futuro-de-la-provincia","status":"publish","type":"post","link":"https:\/\/hablemosclarotdf.com.ar\/?p=55702","title":{"rendered":"RIO GRANDE : HOY ES UN D\u00cdA DE REFLEXI\u00d3N PARA TODOS LOS FUEGUINOS, UN D\u00cdA PARA PENSAR EN EL FUTURO DE LA PROVINCIA"},"content":{"rendered":"<p>Tras emitir su voto, Mart\u00edn Perez llam\u00f3 a reflexionar sobre el futuro de Tierra del Fuego, agradeci\u00f3 el acompa\u00f1amiento durante la campa\u00f1a, y reafirm\u00f3 su compromiso de seguir defendiendo a la provincia con trabajo, responsabilidad y esperanza.<\/p>\n<p>&#8220;Hoy m\u00e1s que nunca necesitamos recuperar la fortaleza que nos permita responder al ataque que sufren nuestros trabajadores: el desempleo en las f\u00e1bricas, la ca\u00edda del consumo, la p\u00e9rdida de oportunidades y el deterioro del comercio local&#8221;.<\/p>\n<p>&#8220;Esa fortaleza se construye con un proyecto claro, con equipos comprometidos y con un horizonte com\u00fan&#8221;, destac\u00f3.<\/p>\n<p>El intendente remarc\u00f3 que los fueguinos &#8220;est\u00e1n cansados de los ataques, del abandono y de la improvisaci\u00f3n&#8221;, y subray\u00f3 que &#8220;esa realidad tiene que cambiar, y solo va a cambiar con trabajo, compromiso y respeto&#8221;.<\/p>\n<p>En ese sentido, sostuvo &#8220;La prioridad n\u00famero uno es Tierra del Fuego. Y no nos podemos mover de ah\u00ed&#8221;.<\/p>\n<p>Por otro lado, Perez agradeci\u00f3 especialmente a la militancia, al equipo de trabajo y a su familia por el acompa\u00f1amiento durante la campa\u00f1a, y valor\u00f3 el afecto recibido de los vecinos y vecinas de toda la provincia.<\/p>\n<p>&#8220;Pudimos expresar nuestras ideas y nuestros proyectos con una campa\u00f1a basada en propuestas que est\u00e1n vinculadas a la realidad que viven las familias fueguinas&#8221;, afirm\u00f3.<\/p>\n<p>&#8220;Agradezco a cada vecino y vecina que nos abri\u00f3 la puerta de su hogar para charlar, y a los vecinos de R\u00edo Grande, Tolhuin y Ushuaia por el afecto y el respeto&#8221;.<\/p>\n<p>Finalmente, remarc\u00f3 que<br \/>\n&#8220;Juntos atravesemos los desaf\u00edos, enfrentemos a quienes atacan a nuestro lugar en el mundo. Sigamos votando por Tierra del Fuego&#8221;.<\/p>\n","protected":false},"excerpt":{"rendered":"<p>Tras emitir su voto, Mart\u00edn Perez llam\u00f3 a reflexionar sobre el futuro de Tierra del&#8230;<\/p>\n","protected":false},"author":1,"featured_media":55703,"comment_status":"closed","ping_status":"closed","sticky":false,"template":"","format":"standard","meta":{"footnotes":""},"categories":[3],"tags":[],"class_list":["post-55702","post","type-post","status-publish","format-standard","has-post-thumbnail","hentry","category-noticias"],"jetpack_featured_media_url":"https:\/\/hablemosclarotdf.com.ar\/wp-content\/uploads\/2025\/10\/photo_2025-10-26_16-03-48.jpg","_links":{"self":[{"href":"https:\/\/hablemosclarotdf.com.ar\/index.php?rest_route=\/wp\/v2\/posts\/55702","targetHints":{"allow":["GET"]}}],"collection":[{"href":"https:\/\/hablemosclarotdf.com.ar\/index.php?rest_route=\/wp\/v2\/posts"}],"about":[{"href":"https:\/\/hablemosclarotdf.com.ar\/index.php?rest_route=\/wp\/v2\/types\/post"}],"author":[{"embeddable":true,"href":"https:\/\/hablemosclarotdf.com.ar\/index.php?rest_route=\/wp\/v2\/users\/1"}],"replies":[{"embeddable":true,"href":"https:\/\/hablemosclarotdf.com.ar\/index.php?rest_route=%2Fwp%2Fv2%2Fcomments&post=55702"}],"version-history":[{"count":1,"href":"https:\/\/hablemosclarotdf.com.ar\/index.php?rest_route=\/wp\/v2\/posts\/55702\/revisions"}],"predecessor-version":[{"id":55704,"href":"https:\/\/hablemosclarotdf.com.ar\/index.php?rest_route=\/wp\/v2\/posts\/55702\/revisions\/55704"}],"wp:featuredmedia":[{"embeddable":true,"href":"https:\/\/hablemosclarotdf.com.ar\/index.php?rest_route=\/wp\/v2\/media\/55703"}],"wp:attachment":[{"href":"https:\/\/hablemosclarotdf.com.ar\/index.php?rest_route=%2Fwp%2Fv2%2Fmedia&parent=55702"}],"wp:term":[{"taxonomy":"category","embeddable":true,"href":"https:\/\/hablemosclarotdf.com.ar\/index.php?rest_route=%2Fwp%2Fv2%2Fcategories&post=55702"},{"taxonomy":"post_tag","embeddable":true,"href":"https:\/\/hablemosclarotdf.com.ar\/index.php?rest_route=%2Fwp%2Fv2%2Ftags&post=55702"}],"curies":[{"name":"wp","href":"https:\/\/api.w.org\/{rel}","templated":true}]}}