{"id":55694,"date":"2025-10-26T10:37:30","date_gmt":"2025-10-26T13:37:30","guid":{"rendered":"https:\/\/hablemosclarotdf.com.ar\/?p=55694"},"modified":"2025-10-26T10:37:30","modified_gmt":"2025-10-26T13:37:30","slug":"mientras-haya-elecciones-es-un-dia-para-celebrar-es-un-dia-de-democracia","status":"publish","type":"post","link":"https:\/\/hablemosclarotdf.com.ar\/?p=55694","title":{"rendered":"\u201cMIENTRAS HAYA ELECCIONES, ES UN D\u00cdA PARA CELEBRAR, ES UN D\u00cdA DE DEMOCRACIA\u201d"},"content":{"rendered":"<p>Lo manifest\u00f3 el gobernador de la provincia de Tierra del Fuego AIAS, Gustavo Melella, en el inicio de los comicios y luego que emitiera su voto en el colegio Polivalente de Arte de la ciudad de R\u00edo Grande este domingo por la ma\u00f1ana.<\/p>\n<p>Al ser consultado, el Mandatario Provincial se\u00f1al\u00f3 que \u201cla elecci\u00f3n de hoy no es menor para nadie, va a ser un mensaje para toda la dirigencia\u201d y a\u00f1adi\u00f3: \u201cA nivel local, a nivel nacional, creo que todos tenemos que tener la humildad de escuchar lo que digan las urnas\u201d.<\/p>\n<p>En esta l\u00ednea, consider\u00f3 que \u201cuno de los peores pecados que puede haber en la vida, en la pol\u00edtica, es la soberbia\u201d, e inst\u00f3 a los distintos espacios \u201ca escuchar\u201d. \u201cOjal\u00e1 la Argentina vaya por el camino de producci\u00f3n, de generaci\u00f3n de empleo, de desarrollo, defensa de la industria nacional\u201d, sostuvo.<\/p>\n<p>Asimismo, remarc\u00f3 que \u201cno es una elecci\u00f3n f\u00e1cil, hoy hay muchas alternativas, muchas divisiones en algunos espacios, eso no ayuda. Para m\u00ed el gran objetivo es lograr la unidad&#8221; y sum\u00f3: &#8220;mientras haya elecciones, es un d\u00eda para celebrar, es un d\u00eda de democracia\u201d.<\/p>\n<p><img loading=\"lazy\" decoding=\"async\" class=\"alignnone size-medium wp-image-55696\" src=\"https:\/\/hablemosclarotdf.com.ar\/wp-content\/uploads\/2025\/10\/photo_2025-10-26_10-36-08-300x200.jpg\" alt=\"\" width=\"300\" height=\"200\" srcset=\"https:\/\/hablemosclarotdf.com.ar\/wp-content\/uploads\/2025\/10\/photo_2025-10-26_10-36-08-300x200.jpg 300w, https:\/\/hablemosclarotdf.com.ar\/wp-content\/uploads\/2025\/10\/photo_2025-10-26_10-36-08-1024x684.jpg 1024w, https:\/\/hablemosclarotdf.com.ar\/wp-content\/uploads\/2025\/10\/photo_2025-10-26_10-36-08-768x513.jpg 768w, https:\/\/hablemosclarotdf.com.ar\/wp-content\/uploads\/2025\/10\/photo_2025-10-26_10-36-08.jpg 1280w\" sizes=\"auto, (max-width: 300px) 100vw, 300px\" \/> <img loading=\"lazy\" decoding=\"async\" class=\"alignnone size-medium wp-image-55697\" src=\"https:\/\/hablemosclarotdf.com.ar\/wp-content\/uploads\/2025\/10\/photo_2025-10-26_10-36-12-300x200.jpg\" alt=\"\" width=\"300\" height=\"200\" srcset=\"https:\/\/hablemosclarotdf.com.ar\/wp-content\/uploads\/2025\/10\/photo_2025-10-26_10-36-12-300x200.jpg 300w, https:\/\/hablemosclarotdf.com.ar\/wp-content\/uploads\/2025\/10\/photo_2025-10-26_10-36-12-1024x684.jpg 1024w, https:\/\/hablemosclarotdf.com.ar\/wp-content\/uploads\/2025\/10\/photo_2025-10-26_10-36-12-768x513.jpg 768w, https:\/\/hablemosclarotdf.com.ar\/wp-content\/uploads\/2025\/10\/photo_2025-10-26_10-36-12.jpg 1280w\" sizes=\"auto, (max-width: 300px) 100vw, 300px\" \/><\/p>\n","protected":false},"excerpt":{"rendered":"<p>Lo manifest\u00f3 el gobernador de la provincia de Tierra del Fuego AIAS, Gustavo Melella, en&#8230;<\/p>\n","protected":false},"author":1,"featured_media":55695,"comment_status":"closed","ping_status":"closed","sticky":false,"template":"","format":"standard","meta":{"footnotes":""},"categories":[3],"tags":[],"class_list":["post-55694","post","type-post","status-publish","format-standard","has-post-thumbnail","hentry","category-noticias"],"jetpack_featured_media_url":"https:\/\/hablemosclarotdf.com.ar\/wp-content\/uploads\/2025\/10\/photo_2025-10-26_10-36-03.jpg","_links":{"self":[{"href":"https:\/\/hablemosclarotdf.com.ar\/index.php?rest_route=\/wp\/v2\/posts\/55694","targetHints":{"allow":["GET"]}}],"collection":[{"href":"https:\/\/hablemosclarotdf.com.ar\/index.php?rest_route=\/wp\/v2\/posts"}],"about":[{"href":"https:\/\/hablemosclarotdf.com.ar\/index.php?rest_route=\/wp\/v2\/types\/post"}],"author":[{"embeddable":true,"href":"https:\/\/hablemosclarotdf.com.ar\/index.php?rest_route=\/wp\/v2\/users\/1"}],"replies":[{"embeddable":true,"href":"https:\/\/hablemosclarotdf.com.ar\/index.php?rest_route=%2Fwp%2Fv2%2Fcomments&post=55694"}],"version-history":[{"count":1,"href":"https:\/\/hablemosclarotdf.com.ar\/index.php?rest_route=\/wp\/v2\/posts\/55694\/revisions"}],"predecessor-version":[{"id":55698,"href":"https:\/\/hablemosclarotdf.com.ar\/index.php?rest_route=\/wp\/v2\/posts\/55694\/revisions\/55698"}],"wp:featuredmedia":[{"embeddable":true,"href":"https:\/\/hablemosclarotdf.com.ar\/index.php?rest_route=\/wp\/v2\/media\/55695"}],"wp:attachment":[{"href":"https:\/\/hablemosclarotdf.com.ar\/index.php?rest_route=%2Fwp%2Fv2%2Fmedia&parent=55694"}],"wp:term":[{"taxonomy":"category","embeddable":true,"href":"https:\/\/hablemosclarotdf.com.ar\/index.php?rest_route=%2Fwp%2Fv2%2Fcategories&post=55694"},{"taxonomy":"post_tag","embeddable":true,"href":"https:\/\/hablemosclarotdf.com.ar\/index.php?rest_route=%2Fwp%2Fv2%2Ftags&post=55694"}],"curies":[{"name":"wp","href":"https:\/\/api.w.org\/{rel}","templated":true}]}}