{"id":55677,"date":"2025-10-25T22:45:20","date_gmt":"2025-10-26T01:45:20","guid":{"rendered":"https:\/\/hablemosclarotdf.com.ar\/?p=55677"},"modified":"2025-10-25T22:45:20","modified_gmt":"2025-10-26T01:45:20","slug":"ushuaia-habra-servicio-gratuito-de-colectivos-este-domingo-de-elecciones-legislativas-nacionales","status":"publish","type":"post","link":"https:\/\/hablemosclarotdf.com.ar\/?p=55677","title":{"rendered":"USHUAIA :  HABR\u00c1 SERVICIO GRATUITO DE COLECTIVOS ESTE DOMINGO DE ELECCIONES LEGISLATIVAS NACIONALES"},"content":{"rendered":"<p>La Municipalidad de Ushuaia y Ushuaia Integral S.E. (UISE) informan a la comunidad que, con motivo de las elecciones legislativas nacionales que se realizar\u00e1n este domingo 26 de octubre de 2025, el transporte p\u00fablico de colectivos ser\u00e1 gratuito para todos los vecinos y vecinas que se trasladen a las escuelas donde emitir\u00e1n su voto.<\/p>\n<p>El servicio estar\u00e1 disponible desde las 7:00 hasta las 20:00 horas, y todas las l\u00edneas que cubren la ciudad mantendr\u00e1n su frecuencia habitual de los domingos.<\/p>\n<p>La medida busca facilitar el traslado de los ciudadanos y ciudadanas, promoviendo as\u00ed la participaci\u00f3n en la jornada c\u00edvica y el cumplimiento del deber c\u00edvico de votar.<\/p>\n","protected":false},"excerpt":{"rendered":"<p>La Municipalidad de Ushuaia y Ushuaia Integral S.E. (UISE) informan a la comunidad que, con&#8230;<\/p>\n","protected":false},"author":1,"featured_media":55678,"comment_status":"closed","ping_status":"closed","sticky":false,"template":"","format":"standard","meta":{"footnotes":""},"categories":[3],"tags":[],"class_list":["post-55677","post","type-post","status-publish","format-standard","has-post-thumbnail","hentry","category-noticias"],"jetpack_featured_media_url":"https:\/\/hablemosclarotdf.com.ar\/wp-content\/uploads\/2025\/10\/photo_2025-10-25_22-44-51.jpg","_links":{"self":[{"href":"https:\/\/hablemosclarotdf.com.ar\/index.php?rest_route=\/wp\/v2\/posts\/55677","targetHints":{"allow":["GET"]}}],"collection":[{"href":"https:\/\/hablemosclarotdf.com.ar\/index.php?rest_route=\/wp\/v2\/posts"}],"about":[{"href":"https:\/\/hablemosclarotdf.com.ar\/index.php?rest_route=\/wp\/v2\/types\/post"}],"author":[{"embeddable":true,"href":"https:\/\/hablemosclarotdf.com.ar\/index.php?rest_route=\/wp\/v2\/users\/1"}],"replies":[{"embeddable":true,"href":"https:\/\/hablemosclarotdf.com.ar\/index.php?rest_route=%2Fwp%2Fv2%2Fcomments&post=55677"}],"version-history":[{"count":1,"href":"https:\/\/hablemosclarotdf.com.ar\/index.php?rest_route=\/wp\/v2\/posts\/55677\/revisions"}],"predecessor-version":[{"id":55679,"href":"https:\/\/hablemosclarotdf.com.ar\/index.php?rest_route=\/wp\/v2\/posts\/55677\/revisions\/55679"}],"wp:featuredmedia":[{"embeddable":true,"href":"https:\/\/hablemosclarotdf.com.ar\/index.php?rest_route=\/wp\/v2\/media\/55678"}],"wp:attachment":[{"href":"https:\/\/hablemosclarotdf.com.ar\/index.php?rest_route=%2Fwp%2Fv2%2Fmedia&parent=55677"}],"wp:term":[{"taxonomy":"category","embeddable":true,"href":"https:\/\/hablemosclarotdf.com.ar\/index.php?rest_route=%2Fwp%2Fv2%2Fcategories&post=55677"},{"taxonomy":"post_tag","embeddable":true,"href":"https:\/\/hablemosclarotdf.com.ar\/index.php?rest_route=%2Fwp%2Fv2%2Ftags&post=55677"}],"curies":[{"name":"wp","href":"https:\/\/api.w.org\/{rel}","templated":true}]}}