{"id":55668,"date":"2025-10-25T12:50:55","date_gmt":"2025-10-25T15:50:55","guid":{"rendered":"https:\/\/hablemosclarotdf.com.ar\/?p=55668"},"modified":"2025-10-25T12:50:55","modified_gmt":"2025-10-25T15:50:55","slug":"alerta-amarilla-por-nevadas-en-zona-centro-y-sur-de-la-provincia","status":"publish","type":"post","link":"https:\/\/hablemosclarotdf.com.ar\/?p=55668","title":{"rendered":"ALERTA AMARILLA POR NEVADAS EN ZONA CENTRO Y SUR DE LA PROVINCIA"},"content":{"rendered":"<p>La Secretar\u00eda de Protecci\u00f3n Civil informa que el Servicio Meteorol\u00f3gico Nacional ha emitido una alerta amarilla para este s\u00e1bado 25 de octubre por nevadas de variada intensidad en la zona Centro y Sur de la Provincia.<\/p>\n<p>Se esperan valores de nieve acumulada entre 10 y 20 cm, pudiendo ser superados en forma puntual. No se descarta la posibilidad de lluvia y nieve mezclada.<\/p>\n<p>Este fen\u00f3meno puede producirse despu\u00e9s de las 14 horas.<\/p>\n<p>Se solicita conducir con precauci\u00f3n y atender las indicaciones de las autoridades.<\/p>\n","protected":false},"excerpt":{"rendered":"<p>La Secretar\u00eda de Protecci\u00f3n Civil informa que el Servicio Meteorol\u00f3gico Nacional ha emitido una alerta&#8230;<\/p>\n","protected":false},"author":1,"featured_media":55669,"comment_status":"closed","ping_status":"closed","sticky":false,"template":"","format":"standard","meta":{"footnotes":""},"categories":[3],"tags":[],"class_list":["post-55668","post","type-post","status-publish","format-standard","has-post-thumbnail","hentry","category-noticias"],"jetpack_featured_media_url":"https:\/\/hablemosclarotdf.com.ar\/wp-content\/uploads\/2025\/10\/photo_2025-10-25_12-49-24.jpg","_links":{"self":[{"href":"https:\/\/hablemosclarotdf.com.ar\/index.php?rest_route=\/wp\/v2\/posts\/55668","targetHints":{"allow":["GET"]}}],"collection":[{"href":"https:\/\/hablemosclarotdf.com.ar\/index.php?rest_route=\/wp\/v2\/posts"}],"about":[{"href":"https:\/\/hablemosclarotdf.com.ar\/index.php?rest_route=\/wp\/v2\/types\/post"}],"author":[{"embeddable":true,"href":"https:\/\/hablemosclarotdf.com.ar\/index.php?rest_route=\/wp\/v2\/users\/1"}],"replies":[{"embeddable":true,"href":"https:\/\/hablemosclarotdf.com.ar\/index.php?rest_route=%2Fwp%2Fv2%2Fcomments&post=55668"}],"version-history":[{"count":1,"href":"https:\/\/hablemosclarotdf.com.ar\/index.php?rest_route=\/wp\/v2\/posts\/55668\/revisions"}],"predecessor-version":[{"id":55670,"href":"https:\/\/hablemosclarotdf.com.ar\/index.php?rest_route=\/wp\/v2\/posts\/55668\/revisions\/55670"}],"wp:featuredmedia":[{"embeddable":true,"href":"https:\/\/hablemosclarotdf.com.ar\/index.php?rest_route=\/wp\/v2\/media\/55669"}],"wp:attachment":[{"href":"https:\/\/hablemosclarotdf.com.ar\/index.php?rest_route=%2Fwp%2Fv2%2Fmedia&parent=55668"}],"wp:term":[{"taxonomy":"category","embeddable":true,"href":"https:\/\/hablemosclarotdf.com.ar\/index.php?rest_route=%2Fwp%2Fv2%2Fcategories&post=55668"},{"taxonomy":"post_tag","embeddable":true,"href":"https:\/\/hablemosclarotdf.com.ar\/index.php?rest_route=%2Fwp%2Fv2%2Ftags&post=55668"}],"curies":[{"name":"wp","href":"https:\/\/api.w.org\/{rel}","templated":true}]}}