{"id":55661,"date":"2025-10-25T12:46:55","date_gmt":"2025-10-25T15:46:55","guid":{"rendered":"https:\/\/hablemosclarotdf.com.ar\/?p=55661"},"modified":"2025-10-25T12:46:55","modified_gmt":"2025-10-25T15:46:55","slug":"rio-grande-el-municipio-impulsa-espacios-de-educacion-financiera","status":"publish","type":"post","link":"https:\/\/hablemosclarotdf.com.ar\/?p=55661","title":{"rendered":"RIO GRANDE : EL MUNICIPIO IMPULSA ESPACIOS DE EDUCACI\u00d3N FINANCIERA"},"content":{"rendered":"<p>Con una gran convocatoria, inici\u00f3 en el Museo Municipal &#8220;Virginia Choquintel&#8221; el curso de \u201cEducaci\u00f3n Financiera\u201d destinado a mujeres y diversidades. De esta manera, el Municipio de R\u00edo Grande, a trav\u00e9s de la Secretar\u00eda de G\u00e9nero y Desarrollo Comunitario, contin\u00faa desarrollando nuevas posibilidades de capacitaci\u00f3n destinadas a mujeres y diversidades, en pos de promover mayores oportunidades de independencia econ\u00f3mica.<\/p>\n<p>Con el prop\u00f3sito de fortalecer la autonom\u00eda econ\u00f3mica y brindar herramientas para una mejor gesti\u00f3n de las finanzas personales, el Municipio de R\u00edo Grande, dio inici\u00f3 al taller de \u201cEducaci\u00f3n Financiera\u201d, orientado a promover el manejo responsable del dinero y la toma de decisiones econ\u00f3micas informadas.<\/p>\n<p>Durante el primer encuentro se abordaron conceptos b\u00e1sicos sobre organizaci\u00f3n del presupuesto familiar, planificaci\u00f3n financiera, ahorro, uso responsable de los recursos y acceso a servicios financieros. La propuesta continuar\u00e1 con 7 encuentros m\u00e1s donde se buscar\u00e1 acompa\u00f1ar a mujeres y diversidades en el desarrollo de habilidades que contribuyan a su independencia econ\u00f3mica y bienestar integral.<\/p>\n<p>La propuesta tiene como fin acompa\u00f1ar a las participantes en jornadas pr\u00e1cticas, din\u00e1micas y orientadas a resolver dudas concretas que surgen a la hora de organizar y administrar el dinero, planificar gastos y elaborar presupuestos personales o familiares.<\/p>\n<p>Asimismo, durante el mes de noviembre se llevar\u00e1 adelante el taller de introducci\u00f3n a las finanzas de negocios. Aquellas interesadas en formar parte de este nuevo espacio o sumarse al curso de educaci\u00f3n financiera, pueden comunicarse al 2964 495155 o acercarse a la Secretar\u00eda de G\u00e9nero y Desarrollo Comunitario (Perito Moreno 287).<\/p>\n<p>De esta manera, el Estado Municipal reafirma su compromiso con la inclusi\u00f3n, la igualdad de g\u00e9nero y la autonom\u00eda econ\u00f3mica de las mujeres y diversidades de la ciudad.<\/p>\n<p><img loading=\"lazy\" decoding=\"async\" class=\"alignnone size-medium wp-image-55663\" src=\"https:\/\/hablemosclarotdf.com.ar\/wp-content\/uploads\/2025\/10\/photo_2025-10-25_12-45-55-300x200.jpg\" alt=\"\" width=\"300\" height=\"200\" srcset=\"https:\/\/hablemosclarotdf.com.ar\/wp-content\/uploads\/2025\/10\/photo_2025-10-25_12-45-55-300x200.jpg 300w, https:\/\/hablemosclarotdf.com.ar\/wp-content\/uploads\/2025\/10\/photo_2025-10-25_12-45-55-1024x682.jpg 1024w, https:\/\/hablemosclarotdf.com.ar\/wp-content\/uploads\/2025\/10\/photo_2025-10-25_12-45-55-768x512.jpg 768w, https:\/\/hablemosclarotdf.com.ar\/wp-content\/uploads\/2025\/10\/photo_2025-10-25_12-45-55.jpg 1280w\" sizes=\"auto, (max-width: 300px) 100vw, 300px\" \/><\/p>\n","protected":false},"excerpt":{"rendered":"<p>Con una gran convocatoria, inici\u00f3 en el Museo Municipal &#8220;Virginia Choquintel&#8221; el curso de \u201cEducaci\u00f3n&#8230;<\/p>\n","protected":false},"author":1,"featured_media":55662,"comment_status":"closed","ping_status":"closed","sticky":false,"template":"","format":"standard","meta":{"footnotes":""},"categories":[3],"tags":[],"class_list":["post-55661","post","type-post","status-publish","format-standard","has-post-thumbnail","hentry","category-noticias"],"jetpack_featured_media_url":"https:\/\/hablemosclarotdf.com.ar\/wp-content\/uploads\/2025\/10\/photo_2025-10-25_12-45-46.jpg","_links":{"self":[{"href":"https:\/\/hablemosclarotdf.com.ar\/index.php?rest_route=\/wp\/v2\/posts\/55661","targetHints":{"allow":["GET"]}}],"collection":[{"href":"https:\/\/hablemosclarotdf.com.ar\/index.php?rest_route=\/wp\/v2\/posts"}],"about":[{"href":"https:\/\/hablemosclarotdf.com.ar\/index.php?rest_route=\/wp\/v2\/types\/post"}],"author":[{"embeddable":true,"href":"https:\/\/hablemosclarotdf.com.ar\/index.php?rest_route=\/wp\/v2\/users\/1"}],"replies":[{"embeddable":true,"href":"https:\/\/hablemosclarotdf.com.ar\/index.php?rest_route=%2Fwp%2Fv2%2Fcomments&post=55661"}],"version-history":[{"count":1,"href":"https:\/\/hablemosclarotdf.com.ar\/index.php?rest_route=\/wp\/v2\/posts\/55661\/revisions"}],"predecessor-version":[{"id":55664,"href":"https:\/\/hablemosclarotdf.com.ar\/index.php?rest_route=\/wp\/v2\/posts\/55661\/revisions\/55664"}],"wp:featuredmedia":[{"embeddable":true,"href":"https:\/\/hablemosclarotdf.com.ar\/index.php?rest_route=\/wp\/v2\/media\/55662"}],"wp:attachment":[{"href":"https:\/\/hablemosclarotdf.com.ar\/index.php?rest_route=%2Fwp%2Fv2%2Fmedia&parent=55661"}],"wp:term":[{"taxonomy":"category","embeddable":true,"href":"https:\/\/hablemosclarotdf.com.ar\/index.php?rest_route=%2Fwp%2Fv2%2Fcategories&post=55661"},{"taxonomy":"post_tag","embeddable":true,"href":"https:\/\/hablemosclarotdf.com.ar\/index.php?rest_route=%2Fwp%2Fv2%2Ftags&post=55661"}],"curies":[{"name":"wp","href":"https:\/\/api.w.org\/{rel}","templated":true}]}}