{"id":55658,"date":"2025-10-25T07:51:19","date_gmt":"2025-10-25T10:51:19","guid":{"rendered":"https:\/\/hablemosclarotdf.com.ar\/?p=55658"},"modified":"2025-10-25T07:51:19","modified_gmt":"2025-10-25T10:51:19","slug":"corte-de-energia-electrica-en-tolhuin","status":"publish","type":"post","link":"https:\/\/hablemosclarotdf.com.ar\/?p=55658","title":{"rendered":"CORTE DE ENERG\u00cdA EL\u00c9CTRICA EN TOLHUIN"},"content":{"rendered":"<p>La Direcci\u00f3n Provincial de Energ\u00eda informa a la comunidad de Tolhuin sobre un corte de energ\u00eda el\u00e9ctrica que afecta a un sector de la ciudad.<\/p>\n<p>El corte se produjo como consecuencia de la ca\u00edda de una cruzeta en un transformador de la red de media tensi\u00f3n, lo que gener\u00f3 una falla localizada y la consecuente interrupci\u00f3n del suministro.<\/p>\n<p>Personal t\u00e9cnico se encuentra en el lugar trabajando para realizar el cambio del componente da\u00f1ado. Una vez finalizada esta reparaci\u00f3n, se proceder\u00e1 de manera inmediata y progresiva al restablecimiento del servicio en las zonas afectadas.<\/p>\n<p>Agradecemos la comprensi\u00f3n y paciencia a los vecinos mientras se realizan estas tareas necesarias para restablecer el suministro.<\/p>\n","protected":false},"excerpt":{"rendered":"<p>La Direcci\u00f3n Provincial de Energ\u00eda informa a la comunidad de Tolhuin sobre un corte de&#8230;<\/p>\n","protected":false},"author":1,"featured_media":55659,"comment_status":"closed","ping_status":"closed","sticky":false,"template":"","format":"standard","meta":{"footnotes":""},"categories":[3],"tags":[],"class_list":["post-55658","post","type-post","status-publish","format-standard","has-post-thumbnail","hentry","category-noticias"],"jetpack_featured_media_url":"https:\/\/hablemosclarotdf.com.ar\/wp-content\/uploads\/2025\/10\/photo_2025-10-25_07-49-54.jpg","_links":{"self":[{"href":"https:\/\/hablemosclarotdf.com.ar\/index.php?rest_route=\/wp\/v2\/posts\/55658","targetHints":{"allow":["GET"]}}],"collection":[{"href":"https:\/\/hablemosclarotdf.com.ar\/index.php?rest_route=\/wp\/v2\/posts"}],"about":[{"href":"https:\/\/hablemosclarotdf.com.ar\/index.php?rest_route=\/wp\/v2\/types\/post"}],"author":[{"embeddable":true,"href":"https:\/\/hablemosclarotdf.com.ar\/index.php?rest_route=\/wp\/v2\/users\/1"}],"replies":[{"embeddable":true,"href":"https:\/\/hablemosclarotdf.com.ar\/index.php?rest_route=%2Fwp%2Fv2%2Fcomments&post=55658"}],"version-history":[{"count":1,"href":"https:\/\/hablemosclarotdf.com.ar\/index.php?rest_route=\/wp\/v2\/posts\/55658\/revisions"}],"predecessor-version":[{"id":55660,"href":"https:\/\/hablemosclarotdf.com.ar\/index.php?rest_route=\/wp\/v2\/posts\/55658\/revisions\/55660"}],"wp:featuredmedia":[{"embeddable":true,"href":"https:\/\/hablemosclarotdf.com.ar\/index.php?rest_route=\/wp\/v2\/media\/55659"}],"wp:attachment":[{"href":"https:\/\/hablemosclarotdf.com.ar\/index.php?rest_route=%2Fwp%2Fv2%2Fmedia&parent=55658"}],"wp:term":[{"taxonomy":"category","embeddable":true,"href":"https:\/\/hablemosclarotdf.com.ar\/index.php?rest_route=%2Fwp%2Fv2%2Fcategories&post=55658"},{"taxonomy":"post_tag","embeddable":true,"href":"https:\/\/hablemosclarotdf.com.ar\/index.php?rest_route=%2Fwp%2Fv2%2Ftags&post=55658"}],"curies":[{"name":"wp","href":"https:\/\/api.w.org\/{rel}","templated":true}]}}