{"id":55630,"date":"2025-10-24T16:38:35","date_gmt":"2025-10-24T19:38:35","guid":{"rendered":"https:\/\/hablemosclarotdf.com.ar\/?p=55630"},"modified":"2025-10-24T16:38:35","modified_gmt":"2025-10-24T19:38:35","slug":"rio-grande-los-nodos-tecnologicos-llegan-a-la-antartida","status":"publish","type":"post","link":"https:\/\/hablemosclarotdf.com.ar\/?p=55630","title":{"rendered":"RIO GRANDE : LOS NODOS TECNOL\u00d3GICOS LLEGAN A LA ANT\u00c1RTIDA"},"content":{"rendered":"<p>El intendente Mart\u00edn Perez y el secretario de Gesti\u00f3n Ciudadana, Gonzalo Ferro, mantuvieron un encuentro con Susana Alegre y Gustavo Olivera, la pareja de docentes riograndenses seleccionada para formar parte de la Campa\u00f1a Ant\u00e1rtica 2026. En esta oportunidad, los maestros recibieron equipamiento tecnol\u00f3gico del Programa Municipal Nodos de Inclusi\u00f3n Tecnol\u00f3gica, que les permitir\u00e1 fortalecer sus actividades pedag\u00f3gicas y promover la formaci\u00f3n digital en el territorio ant\u00e1rtico.<\/p>\n<p>Los docentes cumplir\u00e1n funciones en la Escuela Provincial N\u00b0 38 \u201cPresidente Ra\u00fal Ricardo Alfons\u00edn\u201d, ubicada en la Base Esperanza, en la Ant\u00e1rtida Argentina. Susana Alegre se desempe\u00f1a actualmente como maestra en las Escuelas N\u00b0 19 y N\u00b0 27, mientras que Gustavo Olivera ejerce la docencia en las Escuelas N\u00b0 19 y N\u00b0 2 de J\u00f3venes y Adultos \u201cWikam\u201d. La pareja viajar\u00e1 acompa\u00f1ada por sus tres hijos, quienes tambi\u00e9n ser\u00e1n parte de esta experiencia \u00fanica de vida en territorio ant\u00e1rtico.<\/p>\n<p>Durante el encuentro, el intendente Mart\u00edn Perez destac\u00f3 el compromiso y la vocaci\u00f3n de los docentes, subrayando la importancia de su rol educativo en la defensa de la soberan\u00eda nacional a trav\u00e9s de la educaci\u00f3n.<\/p>\n<p>\u201cEs un orgullo para R\u00edo Grande que dos de nuestros docentes lleven la bandera de la educaci\u00f3n p\u00fablica a la Ant\u00e1rtida. Su labor es clave para comprender la importancia geoestrat\u00e9gica que tiene esa parte de nuestra provincia y la tarea que tenemos de seguir reforzando nuestra mirada bicontinental\u201d, afirm\u00f3 Perez.<\/p>\n<p>Asimismo, agreg\u00f3: \u201ccomo Estado Municipal acompa\u00f1amos y reconocemos a quienes garantizan el acceso a la educaci\u00f3n en la Ant\u00e1rtida, porque su labor representa el ejercicio pleno de nuestra soberan\u00eda argentina sobre el territorio\u201d.<\/p>\n<p>Por su parte, el secretario de Gesti\u00f3n Ciudadana, Gonzalo Ferro, expres\u00f3: \u201cllegamos con los nodos tecnol\u00f3gicos a la Ant\u00e1rtida a trav\u00e9s de los docentes Susana y Gustavo, que van a educar el a\u00f1o que viene en Base Esperanza\u201d. Y destac\u00f3 que se trata de: \u201cuna inversi\u00f3n que realiza el Municipio de R\u00edo Grande en equipamiento inform\u00e1tico para avanzar en desarrollo, investigaci\u00f3n, ciencia y tecnolog\u00eda en la Ant\u00e1rtida, para los hijos e hijas de militares, cient\u00edficos y civiles que el pr\u00f3ximo a\u00f1o estar\u00e1n trabajando por el ejercicio y la defensa de nuestra soberan\u00eda nacional\u201d.<\/p>\n<p>De esta manera, el Municipio de R\u00edo Grande contin\u00faa consolidando su pol\u00edtica de inclusi\u00f3n tecnol\u00f3gica y fortaleciendo la educaci\u00f3n p\u00fablica en todo el territorio provincial.<\/p>\n","protected":false},"excerpt":{"rendered":"<p>El intendente Mart\u00edn Perez y el secretario de Gesti\u00f3n Ciudadana, Gonzalo Ferro, mantuvieron un encuentro&#8230;<\/p>\n","protected":false},"author":1,"featured_media":55631,"comment_status":"closed","ping_status":"closed","sticky":false,"template":"","format":"standard","meta":{"footnotes":""},"categories":[3],"tags":[],"class_list":["post-55630","post","type-post","status-publish","format-standard","has-post-thumbnail","hentry","category-noticias"],"jetpack_featured_media_url":"https:\/\/hablemosclarotdf.com.ar\/wp-content\/uploads\/2025\/10\/photo_2025-10-24_16-38-03.jpg","_links":{"self":[{"href":"https:\/\/hablemosclarotdf.com.ar\/index.php?rest_route=\/wp\/v2\/posts\/55630","targetHints":{"allow":["GET"]}}],"collection":[{"href":"https:\/\/hablemosclarotdf.com.ar\/index.php?rest_route=\/wp\/v2\/posts"}],"about":[{"href":"https:\/\/hablemosclarotdf.com.ar\/index.php?rest_route=\/wp\/v2\/types\/post"}],"author":[{"embeddable":true,"href":"https:\/\/hablemosclarotdf.com.ar\/index.php?rest_route=\/wp\/v2\/users\/1"}],"replies":[{"embeddable":true,"href":"https:\/\/hablemosclarotdf.com.ar\/index.php?rest_route=%2Fwp%2Fv2%2Fcomments&post=55630"}],"version-history":[{"count":1,"href":"https:\/\/hablemosclarotdf.com.ar\/index.php?rest_route=\/wp\/v2\/posts\/55630\/revisions"}],"predecessor-version":[{"id":55632,"href":"https:\/\/hablemosclarotdf.com.ar\/index.php?rest_route=\/wp\/v2\/posts\/55630\/revisions\/55632"}],"wp:featuredmedia":[{"embeddable":true,"href":"https:\/\/hablemosclarotdf.com.ar\/index.php?rest_route=\/wp\/v2\/media\/55631"}],"wp:attachment":[{"href":"https:\/\/hablemosclarotdf.com.ar\/index.php?rest_route=%2Fwp%2Fv2%2Fmedia&parent=55630"}],"wp:term":[{"taxonomy":"category","embeddable":true,"href":"https:\/\/hablemosclarotdf.com.ar\/index.php?rest_route=%2Fwp%2Fv2%2Fcategories&post=55630"},{"taxonomy":"post_tag","embeddable":true,"href":"https:\/\/hablemosclarotdf.com.ar\/index.php?rest_route=%2Fwp%2Fv2%2Ftags&post=55630"}],"curies":[{"name":"wp","href":"https:\/\/api.w.org\/{rel}","templated":true}]}}