{"id":55626,"date":"2025-10-24T16:36:32","date_gmt":"2025-10-24T19:36:32","guid":{"rendered":"https:\/\/hablemosclarotdf.com.ar\/?p=55626"},"modified":"2025-10-24T16:36:32","modified_gmt":"2025-10-24T19:36:32","slug":"ushuaia-abren-las-inscripciones-al-concurso-para-embajador-a-de-la-lectura-2025","status":"publish","type":"post","link":"https:\/\/hablemosclarotdf.com.ar\/?p=55626","title":{"rendered":"USHUAIA : ABREN LAS INSCRIPCIONES AL CONCURSO PARA \u201cEMBAJADOR\/A DE LA LECTURA 2025\u201d"},"content":{"rendered":"<p>El concurso busca promover el gusto por la lectura y la escritura creativa<\/p>\n<p>La Secretar\u00eda de Cultura y Educaci\u00f3n de la Municipalidad de Ushuaia, a trav\u00e9s del Programa \u201cH\u00e1bito Lector: Cocineritos, Cuentos y Relatos\u201d, informa a la comunidad que se encuentran abiertas las inscripciones al concurso \u201cEmbajador\/a de la Lectura 2025\u201d, certamen destinado a ni\u00f1os y ni\u00f1as mayores de 5 a\u00f1os que busca promover el gusto por la lectura y la escritura creativa.<br \/>\nLas y los participantes, que pueden pertenecer o no al programa municipal de promoci\u00f3n de la lectura desde el \u00e1mbito l\u00fadico y recreativo, podr\u00e1n leer un texto que les guste o una producci\u00f3n propia en formato video, que luego ser\u00e1 evaluado por un jurado que seleccionar\u00e1 dos ganadores: uno en la categor\u00eda lectura y otro en la categor\u00eda escritura creativa. Qui\u00e9nes deseen inscribirse podr\u00e1n hacerlo a trav\u00e9s del siguiente enlace: https:\/\/acortar.link\/mjVPKv o comunic\u00e1ndose al 2901-419337 o al 2901-471825.<br \/>\nEl subsecretario de Promoci\u00f3n Educativa, Jos\u00e9 Luis Paredes, destac\u00f3 que \u201cdesde la gesti\u00f3n del intendente Walter Vuoto y a trav\u00e9s del programa &#8216;H\u00e1bito Lector: Cocineritos, Cuentos y Relatos&#8217; trabajamos d\u00eda a d\u00eda para que los ni\u00f1os y ni\u00f1as descubran el poder transformador de la lectura, acompa\u00f1ando su desarrollo lector y autonom\u00eda, creatividad y compromiso. Este concurso busca reconocer y acompa\u00f1ar ese entusiasmo por leer y escribir, fortaleciendo los v\u00ednculos con la palabra y la imaginaci\u00f3n\u201d.<br \/>\n\u201cPor eso, abrimos esta convocatoria a toda la comunidad, para seguir construyendo juntos una ciudad lectora\u201d concluy\u00f3 Paredes.<\/p>\n<p>Google Docs (https:\/\/acortar.link\/mjVPKv)<br \/>\nEmbajador\/a de la lectura 2025<br \/>\nINSCRIPCI\u00d3N AL CONCURSO \u201cEMBAJADOR\/A DE LA LECTURA 2025\u201d<br \/>\nUna vez realizada la inscripci\u00f3n, se contactar\u00e1 a las familias para indicar el procedimiento de carga del material con el cual el ni\u00f1o o la ni\u00f1a participar\u00e1.<br \/>\nEdad: 5 a\u00f1os en adelante<\/p>\n","protected":false},"excerpt":{"rendered":"<p>El concurso busca promover el gusto por la lectura y la escritura creativa La Secretar\u00eda&#8230;<\/p>\n","protected":false},"author":1,"featured_media":55627,"comment_status":"closed","ping_status":"closed","sticky":false,"template":"","format":"standard","meta":{"footnotes":""},"categories":[3],"tags":[],"class_list":["post-55626","post","type-post","status-publish","format-standard","has-post-thumbnail","hentry","category-noticias"],"jetpack_featured_media_url":"https:\/\/hablemosclarotdf.com.ar\/wp-content\/uploads\/2025\/10\/photo_2025-10-24_16-35-57.jpg","_links":{"self":[{"href":"https:\/\/hablemosclarotdf.com.ar\/index.php?rest_route=\/wp\/v2\/posts\/55626","targetHints":{"allow":["GET"]}}],"collection":[{"href":"https:\/\/hablemosclarotdf.com.ar\/index.php?rest_route=\/wp\/v2\/posts"}],"about":[{"href":"https:\/\/hablemosclarotdf.com.ar\/index.php?rest_route=\/wp\/v2\/types\/post"}],"author":[{"embeddable":true,"href":"https:\/\/hablemosclarotdf.com.ar\/index.php?rest_route=\/wp\/v2\/users\/1"}],"replies":[{"embeddable":true,"href":"https:\/\/hablemosclarotdf.com.ar\/index.php?rest_route=%2Fwp%2Fv2%2Fcomments&post=55626"}],"version-history":[{"count":1,"href":"https:\/\/hablemosclarotdf.com.ar\/index.php?rest_route=\/wp\/v2\/posts\/55626\/revisions"}],"predecessor-version":[{"id":55628,"href":"https:\/\/hablemosclarotdf.com.ar\/index.php?rest_route=\/wp\/v2\/posts\/55626\/revisions\/55628"}],"wp:featuredmedia":[{"embeddable":true,"href":"https:\/\/hablemosclarotdf.com.ar\/index.php?rest_route=\/wp\/v2\/media\/55627"}],"wp:attachment":[{"href":"https:\/\/hablemosclarotdf.com.ar\/index.php?rest_route=%2Fwp%2Fv2%2Fmedia&parent=55626"}],"wp:term":[{"taxonomy":"category","embeddable":true,"href":"https:\/\/hablemosclarotdf.com.ar\/index.php?rest_route=%2Fwp%2Fv2%2Fcategories&post=55626"},{"taxonomy":"post_tag","embeddable":true,"href":"https:\/\/hablemosclarotdf.com.ar\/index.php?rest_route=%2Fwp%2Fv2%2Ftags&post=55626"}],"curies":[{"name":"wp","href":"https:\/\/api.w.org\/{rel}","templated":true}]}}