{"id":55618,"date":"2025-10-24T16:24:38","date_gmt":"2025-10-24T19:24:38","guid":{"rendered":"https:\/\/hablemosclarotdf.com.ar\/?p=55618"},"modified":"2025-10-24T16:24:38","modified_gmt":"2025-10-24T19:24:38","slug":"el-registro-civil-abrira-este-domingo-en-ushuaia-tolhuin-y-rio-grande-para-retiro-de-dni","status":"publish","type":"post","link":"https:\/\/hablemosclarotdf.com.ar\/?p=55618","title":{"rendered":"EL REGISTRO CIVIL ABRIR\u00c1 ESTE DOMINGO EN USHUAIA, TOLHUIN Y R\u00cdO GRANDE PARA RETIRO DE DNI"},"content":{"rendered":"<p>El Registro Civil de la Provincia informa a la comunidad de Ushuaia, Tolhuin y R\u00edo Grande que este domingo 26 de octubre, se abrir\u00e1n las oficinas de 8 a 17 horas para el retiro de Documentos Nacionales de Identidad.<\/p>\n<p>En Ushuaia, abrir\u00e1 la oficina de calle Gobernador Campos 1443; en R\u00edo Grande Elcano 110 y en Tolhuin en Rafaela Ishton 452.<\/p>\n<p>Esta jornada es exclusivamente para retiro de DNI ya gestionados y que se encuentren listos para su entrega, no para iniciar tr\u00e1mites nuevos.<\/p>\n<p>La C\u00e1mara Electoral dispuso que todos los documentos son v\u00e1lidos para votar, siempre y cuando sea el \u00faltimo ejemplar o uno posterior al que figura en el Padr\u00f3n Electoral.<\/p>\n<p>Por otra parte, por iniciativa propia y en un loable gesto de compromiso con la comunidad, los trabajadores y trabajadoras del Registro Civil llevan a cabo una jornada de entrega de DNI a domicilio entre este viernes 24 y s\u00e1bado 25 de octubre en las 3 ciudades.<\/p>\n<p><img loading=\"lazy\" decoding=\"async\" class=\"alignnone size-medium wp-image-55620\" src=\"https:\/\/hablemosclarotdf.com.ar\/wp-content\/uploads\/2025\/10\/photo_2025-10-24_16-23-42-300x200.jpg\" alt=\"\" width=\"300\" height=\"200\" srcset=\"https:\/\/hablemosclarotdf.com.ar\/wp-content\/uploads\/2025\/10\/photo_2025-10-24_16-23-42-300x200.jpg 300w, https:\/\/hablemosclarotdf.com.ar\/wp-content\/uploads\/2025\/10\/photo_2025-10-24_16-23-42-1024x684.jpg 1024w, https:\/\/hablemosclarotdf.com.ar\/wp-content\/uploads\/2025\/10\/photo_2025-10-24_16-23-42-768x513.jpg 768w, https:\/\/hablemosclarotdf.com.ar\/wp-content\/uploads\/2025\/10\/photo_2025-10-24_16-23-42.jpg 1280w\" sizes=\"auto, (max-width: 300px) 100vw, 300px\" \/><\/p>\n","protected":false},"excerpt":{"rendered":"<p>El Registro Civil de la Provincia informa a la comunidad de Ushuaia, Tolhuin y R\u00edo&#8230;<\/p>\n","protected":false},"author":1,"featured_media":55619,"comment_status":"closed","ping_status":"closed","sticky":false,"template":"","format":"standard","meta":{"footnotes":""},"categories":[3],"tags":[],"class_list":["post-55618","post","type-post","status-publish","format-standard","has-post-thumbnail","hentry","category-noticias"],"jetpack_featured_media_url":"https:\/\/hablemosclarotdf.com.ar\/wp-content\/uploads\/2025\/10\/photo_2025-10-24_16-23-27.jpg","_links":{"self":[{"href":"https:\/\/hablemosclarotdf.com.ar\/index.php?rest_route=\/wp\/v2\/posts\/55618","targetHints":{"allow":["GET"]}}],"collection":[{"href":"https:\/\/hablemosclarotdf.com.ar\/index.php?rest_route=\/wp\/v2\/posts"}],"about":[{"href":"https:\/\/hablemosclarotdf.com.ar\/index.php?rest_route=\/wp\/v2\/types\/post"}],"author":[{"embeddable":true,"href":"https:\/\/hablemosclarotdf.com.ar\/index.php?rest_route=\/wp\/v2\/users\/1"}],"replies":[{"embeddable":true,"href":"https:\/\/hablemosclarotdf.com.ar\/index.php?rest_route=%2Fwp%2Fv2%2Fcomments&post=55618"}],"version-history":[{"count":1,"href":"https:\/\/hablemosclarotdf.com.ar\/index.php?rest_route=\/wp\/v2\/posts\/55618\/revisions"}],"predecessor-version":[{"id":55621,"href":"https:\/\/hablemosclarotdf.com.ar\/index.php?rest_route=\/wp\/v2\/posts\/55618\/revisions\/55621"}],"wp:featuredmedia":[{"embeddable":true,"href":"https:\/\/hablemosclarotdf.com.ar\/index.php?rest_route=\/wp\/v2\/media\/55619"}],"wp:attachment":[{"href":"https:\/\/hablemosclarotdf.com.ar\/index.php?rest_route=%2Fwp%2Fv2%2Fmedia&parent=55618"}],"wp:term":[{"taxonomy":"category","embeddable":true,"href":"https:\/\/hablemosclarotdf.com.ar\/index.php?rest_route=%2Fwp%2Fv2%2Fcategories&post=55618"},{"taxonomy":"post_tag","embeddable":true,"href":"https:\/\/hablemosclarotdf.com.ar\/index.php?rest_route=%2Fwp%2Fv2%2Ftags&post=55618"}],"curies":[{"name":"wp","href":"https:\/\/api.w.org\/{rel}","templated":true}]}}